{"id":144380,"date":"2022-03-31T08:05:05","date_gmt":"2022-03-31T12:05:05","guid":{"rendered":"https:\/\/linitiative.ca\/International\/terres-productives-lafrique-doit-renforcer-ses-investissements\/"},"modified":"2022-03-31T08:05:05","modified_gmt":"2022-03-31T12:05:05","slug":"terres-productives-lafrique-doit-renforcer-ses-investissements","status":"publish","type":"post","link":"https:\/\/linitiative.ca\/International\/terres-productives-lafrique-doit-renforcer-ses-investissements\/","title":{"rendered":"Terres productives: L\u2019Afrique doit renforcer ses investissements"},"content":{"rendered":"<div>\n<div style=\"margin-bottom:20px;\"><img loading=\"lazy\" decoding=\"async\" width=\"750\" height=\"430\" src=\"https:\/\/linitiative.ca\/International\/wp-content\/uploads\/sites\/23\/2022\/03\/ibrahim-copier.jpg\" class=\"attachment-post-thumbnail size-post-thumbnail wp-post-image\" alt=\"\" srcset=\"https:\/\/linitiative.ca\/International\/wp-content\/uploads\/sites\/23\/2022\/03\/ibrahim-copier.jpg 750w, https:\/\/www.mapmarrakech.ma\/map\/uploads\/2022\/03\/ibrahim-copier-300x172.jpg 300w\" sizes=\"auto, (max-width: 750px) 100vw, 750px\"><\/div>\n<p>\u00ab\u00a0La restauration des terres \u00e0 grande \u00e9chelle est ainsi un instrument de paix, de prosp\u00e9rit\u00e9 et de stabilit\u00e9 pour les futures g\u00e9n\u00e9rations\u00a0\u00bb, a relev\u00e9 M. Thiaw qui intervenait lors de la r\u00e9union pr\u00e9paratoire r\u00e9gionale africaine pour la COP-15 de la Convention des Nations Unies sur la lutte contre la d\u00e9sertification (CNULCD), dont les travaux se poursuivront jusqu\u2019au 1er avril prochain dans la cit\u00e9 ocre.<\/p>\n<p>La s\u00e9cheresse engendre nombre de catastrophes naturelles, d\u00e9truit les \u00e9cosyst\u00e8mes, d\u00e9structure les soci\u00e9t\u00e9s et jette des millions de personnes sur les routes de l\u2019immigration forc\u00e9e, accentuant l\u2019exode rural, a expliqu\u00e9 le responsable onusien.<\/p>\n<p>\u00ab\u00a0La s\u00e9cheresse semble porter plusieurs noms, reflets de la multitude de cons\u00e9quences du d\u00e9sastre naturel : famine, feux de for\u00eats, d\u00e9croissance \u00e9conomique, troubles civils, instabilit\u00e9 politique, ins\u00e9curit\u00e9 alimentaire\u2026etc\u00a0\u00bb, a-t-il poursuivi, d\u00e9plorant le fait que ce ph\u00e9nom\u00e8ne p\u00e8se lourdement sur les \u00e9conomies africaines et le PIB.<\/p>\n<p>Dans la foul\u00e9e, il a tenu \u00e0 indiquer que les petits producteurs africains sont parmi les plus vuln\u00e9rables au d\u00e9ficit pluviom\u00e9trique, estimant que le monde r\u00e9alise enfin que la restauration des terres est \u00ab\u00a0une r\u00e9ponse multiforme \u00e0 diff\u00e9rents d\u00e9fis auxquels l\u2019humanit\u00e9 fait face, \u00e0 commencer par la s\u00e9cheresse\u00a0\u00bb.<\/p>\n<p>M. Ahmed Elmekass, coordinateur de la \u00ab\u00a0Semi-Arid Food Grain Research and Developement : SAFGRAD\u00a0\u00bb relevant de l\u2019Union Africaine (UA), a relev\u00e9 que l\u2019UA accorde une grande importance aux travaux du congr\u00e8s des parties \u00e0 la Convention des Nations Unies sur la lutte contre la D\u00e9sertification (CNULCD) visant \u00e0 faire face aux ph\u00e9nom\u00e8nes de l\u2019extension des zones d\u00e9sertifi\u00e9es et de la d\u00e9gradation des terres, tout en veillant \u00e0 encourager la durabilit\u00e9.<\/p>\n<p>Et de poursuivre que le continent africain souffre pleinement du fl\u00e9au de la d\u00e9sertification et de la d\u00e9gradation des terres agricoles, ce qui leste le d\u00e9veloppement durable et l\u2019atteinte des Objectifs de D\u00e9veloppement Durable (ODD) escompt\u00e9s.<\/p>\n<p>L\u2019Union Africaine a plac\u00e9 la d\u00e9sertification et la biodiversit\u00e9 au coeur de son agenda et de ses priorit\u00e9s, rappelant que c\u2019est dans le cadre du grand appui apport\u00e9 par le Maroc et les partenaires, que se tienne \u00e0 Marrakech cette r\u00e9union pr\u00e9paratoire \u00ab\u00a0PRE-COP15\u00a0\u00bb, en pr\u00e9lude \u00e0 la COP-15 pr\u00e9vue en mai prochain en C\u00f4te d\u2019Ivoire. Un rendez-vous important dont les travaux graviteront autour de questions majeures se rapportant \u00e0 la terre, \u00e0 la vie, \u00e0 la raret\u00e9 des ressources hydriques, ou encore au progr\u00e8s.<\/p>\n<p>Pour sa part, le Repr\u00e9sentant de la Banque Africaine de D\u00e9veloppement (BAD), M. Arona Soumar\u00e9, a mis l\u2019accent sur les multiples investissements de la Banque, \u00e0 m\u00eame de servir de levier pour une mise en oeuvre acc\u00e9l\u00e9r\u00e9e et \u00e0 grande \u00e9chelle de la \u00ab\u00a0Grande Muraille Verte\u00a0\u00bb, ainsi que pour l\u2019acc\u00e9l\u00e9ration de l\u2019agenda de la restauration des terres, \u00e0 travers une approche multi-acteurs, multi-structur\u00e9e et cibl\u00e9e.<\/p>\n<p>\u00ab\u00a0La mise en oeuvre de la Convention sur la D\u00e9sertification nous donne l\u2019opportunit\u00e9 d\u2019innover et de sortir des silos par des approches fond\u00e9es sur la nature, pour pr\u00e9server l\u2019int\u00e9grit\u00e9 des \u00e9cosyst\u00e8mes face \u00e0 l\u2019impact du changement climatique et du changement d\u2019affectation des terres\u00a0\u00bb, a-t-il conclu.<\/p>\n<p>Le Repr\u00e9sentant du Forum Forestier Africain, M. Ibro Adamou, a fait savoir que la r\u00e9union pr\u00e9paratoire \u00e0 la COP-15 constitue une occasion idoine de d\u00e9battre de l\u2019importance majeure des sujets qui seront \u00e9voqu\u00e9s lors de la prochaine COP-15 pr\u00e9vue \u00e0 Abidjan.<\/p>\n<p>L\u2019agenda de la rencontre d\u2019Abidjan comporte des points d\u2019un int\u00e9r\u00eat crucial pour le Continent Africain d\u2019o\u00f9, a-t-il dit, \u00ab\u00a0toute l\u2019importance de nous concerter ici \u00e0 Marrakech en vue de bien examiner cet Agenda, \u00e9changer et formuler des positions visant \u00e0 apporter la prise en compte des int\u00e9r\u00eats de notre r\u00e9gion dans les d\u00e9cisions qui seront prises par les parties \u00e0 la prochaine r\u00e9union\u00a0\u00bb.<\/p>\n<p>La r\u00e9union r\u00e9gionale pr\u00e9paratoire africaine pour la COP-15 de la CNULCD est rehauss\u00e9e par la participation du Secr\u00e9taire Ex\u00e9cutif de la CNULCD, de repr\u00e9sentants de plusieurs institutions internationales et r\u00e9gionales notamment africaines, ainsi que des repr\u00e9sentants de 40 pays africains.<\/p>\n<p>Cette r\u00e9union a pour objectif principal de permettre aux pays africains de passer en revue les th\u00e8mes qui seront examin\u00e9s lors de cette COP et de s\u2019assurer que les pr\u00e9occupations de l\u2019Afrique soient prises en compte dans les d\u00e9cisions de la Conf\u00e9rence, \u00e0 travers l\u2019identification des priorit\u00e9s et des pr\u00e9occupations principales pour le continent, la formulation de la position commune africaine, la d\u00e9termination des strat\u00e9gies de n\u00e9gociation et des alliances \u00e0 former et l\u2019\u00e9lection du nouveau pr\u00e9sident du Groupe Africain ainsi que des membres qui repr\u00e9senteront le continent dans les bureaux de la COP-15 et ses organes subsidiaires.<\/p>\n<p>The post <a rel=\"nofollow\" href=\"https:\/\/www.mapmarrakech.ma\/fr\/lafrique-doit-renforcer-ses-investissements-pour-rehabiliter-ses-terres-productives\/\">Terres productives: L\u2019Afrique doit renforcer ses investissements<\/a> appeared first on <a rel=\"nofollow\" href=\"https:\/\/www.mapmarrakech.ma\/fr\">MapMarrakech<\/a>.<\/p>\n<\/div>\n<p>Auteur: Meriem IGASS<br \/>\n<a href=\"https:\/\/www.mapmarrakech.ma\/fr\/lafrique-doit-renforcer-ses-investissements-pour-rehabiliter-ses-terres-productives\/\">Cliquez ici pour lire l&rsquo;article depuis sa source.<\/a><\/p>\n","protected":false},"excerpt":{"rendered":"<p>\u00ab\u00a0La restauration des terres \u00e0 grande \u00e9chelle est ainsi un instrument de paix, de prosp\u00e9rit\u00e9 et de stabilit\u00e9 pour les futures g\u00e9n\u00e9rations\u00a0\u00bb, a relev\u00e9 M. Thiaw qui intervenait lors de la r\u00e9union pr\u00e9paratoire r\u00e9gionale africaine pour la COP-15 de la Convention des Nations Unies sur la lutte contre la d\u00e9sertification (CNULCD), dont les travaux se [&hellip;]<\/p>\n","protected":false},"author":1788,"featured_media":0,"comment_status":"closed","ping_status":"closed","sticky":false,"template":"","format":"standard","meta":{"fifu_image_url":"https:\/\/www.mapmarrakech.ma\/map\/uploads\/2022\/03\/ibrahim-copier.jpg","fifu_image_alt":"Terres productives: L\u2019Afrique doit renforcer ses investissements","footnotes":""},"categories":[54,76],"tags":[],"class_list":["post-144380","post","type-post","status-publish","format-standard","hentry","category-maroc","category-regions"],"_links":{"self":[{"href":"https:\/\/linitiative.ca\/International\/wp-json\/wp\/v2\/posts\/144380","targetHints":{"allow":["GET"]}}],"collection":[{"href":"https:\/\/linitiative.ca\/International\/wp-json\/wp\/v2\/posts"}],"about":[{"href":"https:\/\/linitiative.ca\/International\/wp-json\/wp\/v2\/types\/post"}],"author":[{"embeddable":true,"href":"https:\/\/linitiative.ca\/International\/wp-json\/wp\/v2\/users\/1788"}],"replies":[{"embeddable":true,"href":"https:\/\/linitiative.ca\/International\/wp-json\/wp\/v2\/comments?post=144380"}],"version-history":[{"count":0,"href":"https:\/\/linitiative.ca\/International\/wp-json\/wp\/v2\/posts\/144380\/revisions"}],"wp:attachment":[{"href":"https:\/\/linitiative.ca\/International\/wp-json\/wp\/v2\/media?parent=144380"}],"wp:term":[{"taxonomy":"category","embeddable":true,"href":"https:\/\/linitiative.ca\/International\/wp-json\/wp\/v2\/categories?post=144380"},{"taxonomy":"post_tag","embeddable":true,"href":"https:\/\/linitiative.ca\/International\/wp-json\/wp\/v2\/tags?post=144380"}],"curies":[{"name":"wp","href":"https:\/\/api.w.org\/{rel}","templated":true}]}}