{"id":144382,"date":"2022-03-31T09:03:26","date_gmt":"2022-03-31T13:03:26","guid":{"rendered":"https:\/\/linitiative.ca\/International\/previsions-meteorologiques-pour-le-vendredi-1er-avril-2022\/"},"modified":"2022-03-31T09:03:26","modified_gmt":"2022-03-31T13:03:26","slug":"previsions-meteorologiques-pour-le-vendredi-1er-avril-2022","status":"publish","type":"post","link":"https:\/\/linitiative.ca\/International\/previsions-meteorologiques-pour-le-vendredi-1er-avril-2022\/","title":{"rendered":"Pr\u00e9visions m\u00e9t\u00e9orologiques pour le vendredi 1er avril 2022"},"content":{"rendered":"<div>\n<div style=\"margin-bottom:20px;\"><img loading=\"lazy\" decoding=\"async\" width=\"582\" height=\"386\" src=\"https:\/\/linitiative.ca\/International\/wp-content\/uploads\/sites\/23\/2022\/03\/soleil.eco_.jpg\" class=\"attachment-post-thumbnail size-post-thumbnail wp-post-image\" alt=\"\" srcset=\"https:\/\/linitiative.ca\/International\/wp-content\/uploads\/sites\/23\/2022\/03\/soleil.eco_.jpg 582w, https:\/\/www.mapmarrakech.ma\/map\/uploads\/2022\/03\/soleil.eco_-300x199.jpg 300w\" sizes=\"auto, (max-width: 582px) 100vw, 582px\"><\/div>\n<p>\u2013 Gouttes de pluies r\u00e9siduelles sur le Nord-Ouest, le Rif et le Saiss.<\/p>\n<p>\u2013 Temps g\u00e9n\u00e9ralement stable ailleurs.<\/p>\n<p>\u2013 Temp\u00e9ratures minimales de l\u2019ordre de -02\/06\u00b0C sur l\u2019Atlas et le Rif, 05\/11\u00b0C sur l\u2019Oriental et les plateaux des Phosphates, 10\/16\u00b0C sur les plaines Nord et Centre, la M\u00e9diterran\u00e9e, le Sud-Est et le Souss et le Nord des provinces Sud et de 16\/20\u00b0C sur le reste des provinces Sud.<\/p>\n<p>\u2013 Quelques rafales de vent assez fortes le matin sur la m\u00e9diterran\u00e9e et l\u2019Oriental.<\/p>\n<p>\u2013 Quelques formations brumeuses sur le Nord des provinces Sud.<\/p>\n<p>\u2013 Temp\u00e9ratures du jour en hausse.<\/p>\n<p>\u2013 Mer agit\u00e9e \u00e0 forte en M\u00e9diterran\u00e9e, peu agit\u00e9e \u00e0 agit\u00e9e sur le D\u00e9troit et entre Cap Spartel et Casablanca et agit\u00e9e ailleurs devenant localement agit\u00e9e \u00e0 forte l\u2019apr\u00e8s-midi entre Cap Sim et Cap Ghir.<\/p>\n<p>The post <a rel=\"nofollow\" href=\"https:\/\/www.mapmarrakech.ma\/fr\/previsions-meteorologiques-pour-le-vendredi-1er-avril-2022\/\">Pr\u00e9visions m\u00e9t\u00e9orologiques pour le vendredi 1er avril 2022<\/a> appeared first on <a rel=\"nofollow\" href=\"https:\/\/www.mapmarrakech.ma\/fr\">MapMarrakech<\/a>.<\/p>\n<\/div>\n<p>Auteur: Meriem IGASS<br \/>\n<a href=\"https:\/\/www.mapmarrakech.ma\/fr\/previsions-meteorologiques-pour-le-vendredi-1er-avril-2022\/\">Cliquez ici pour lire l&rsquo;article depuis sa source.<\/a><\/p>\n","protected":false},"excerpt":{"rendered":"<p>\u2013 Gouttes de pluies r\u00e9siduelles sur le Nord-Ouest, le Rif et le Saiss. \u2013 Temps g\u00e9n\u00e9ralement stable ailleurs. \u2013 Temp\u00e9ratures minimales de l\u2019ordre de -02\/06\u00b0C sur l\u2019Atlas et le Rif, 05\/11\u00b0C sur l\u2019Oriental et les plateaux des Phosphates, 10\/16\u00b0C sur les plaines Nord et Centre, la M\u00e9diterran\u00e9e, le Sud-Est et le Souss et le Nord [&hellip;]<\/p>\n","protected":false},"author":1788,"featured_media":0,"comment_status":"closed","ping_status":"closed","sticky":false,"template":"","format":"standard","meta":{"fifu_image_url":"https:\/\/www.mapmarrakech.ma\/map\/uploads\/2022\/03\/soleil.eco_.jpg","fifu_image_alt":"Pr\u00e9visions m\u00e9t\u00e9orologiques pour le vendredi 1er avril 2022","footnotes":""},"categories":[54,76],"tags":[],"class_list":["post-144382","post","type-post","status-publish","format-standard","hentry","category-maroc","category-regions"],"_links":{"self":[{"href":"https:\/\/linitiative.ca\/International\/wp-json\/wp\/v2\/posts\/144382","targetHints":{"allow":["GET"]}}],"collection":[{"href":"https:\/\/linitiative.ca\/International\/wp-json\/wp\/v2\/posts"}],"about":[{"href":"https:\/\/linitiative.ca\/International\/wp-json\/wp\/v2\/types\/post"}],"author":[{"embeddable":true,"href":"https:\/\/linitiative.ca\/International\/wp-json\/wp\/v2\/users\/1788"}],"replies":[{"embeddable":true,"href":"https:\/\/linitiative.ca\/International\/wp-json\/wp\/v2\/comments?post=144382"}],"version-history":[{"count":0,"href":"https:\/\/linitiative.ca\/International\/wp-json\/wp\/v2\/posts\/144382\/revisions"}],"wp:attachment":[{"href":"https:\/\/linitiative.ca\/International\/wp-json\/wp\/v2\/media?parent=144382"}],"wp:term":[{"taxonomy":"category","embeddable":true,"href":"https:\/\/linitiative.ca\/International\/wp-json\/wp\/v2\/categories?post=144382"},{"taxonomy":"post_tag","embeddable":true,"href":"https:\/\/linitiative.ca\/International\/wp-json\/wp\/v2\/tags?post=144382"}],"curies":[{"name":"wp","href":"https:\/\/api.w.org\/{rel}","templated":true}]}}