{"id":144384,"date":"2022-03-31T10:44:59","date_gmt":"2022-03-31T14:44:59","guid":{"rendered":"https:\/\/linitiative.ca\/International\/ago-de-la-ccis-adoption-du-projet-du-budget-au-titre-de-2022\/"},"modified":"2022-03-31T10:44:59","modified_gmt":"2022-03-31T14:44:59","slug":"ago-de-la-ccis-adoption-du-projet-du-budget-au-titre-de-2022","status":"publish","type":"post","link":"https:\/\/linitiative.ca\/International\/ago-de-la-ccis-adoption-du-projet-du-budget-au-titre-de-2022\/","title":{"rendered":"AGO de la CCIS: Adoption du projet du budget au titre de 2022"},"content":{"rendered":"<div>\n<div style=\"margin-bottom:20px;\"><img loading=\"lazy\" decoding=\"async\" width=\"750\" height=\"430\" src=\"https:\/\/linitiative.ca\/International\/wp-content\/uploads\/sites\/23\/2022\/03\/CCIS-copier.jpg\" class=\"attachment-post-thumbnail size-post-thumbnail wp-post-image\" alt=\"\" srcset=\"https:\/\/linitiative.ca\/International\/wp-content\/uploads\/sites\/23\/2022\/03\/CCIS-copier.jpg 750w, https:\/\/www.mapmarrakech.ma\/map\/uploads\/2022\/03\/CCIS-copier-300x172.jpg 300w\" sizes=\"auto, (max-width: 750px) 100vw, 750px\"><\/div>\n<p>Lors de cette r\u00e9union de travail, il a \u00e9t\u00e9 proc\u00e9d\u00e9 de m\u00eame \u00e0 l\u2019adoption de plusieurs axes concernant le plan d\u2019action de la CCIS pour l\u2019ann\u00e9e 2022, note ladite instance dans un communiqu\u00e9, expliquant que la d\u00e9marche consistait en l\u2019adoption d\u2019une approche participative bas\u00e9e sur la collecte des propositions formul\u00e9es par les diff\u00e9rentes commissions permanentes relevant de l\u2019Assembl\u00e9e G\u00e9n\u00e9rale, ainsi que sur l\u2019axe se rapportant aux prestations de la soci\u00e9t\u00e9 en charge de la facilitation des d\u00e9clarations fiscales et sociales au profit des affili\u00e9s \u00e0 la Contribution Professionnelle Unifi\u00e9e (CPU).<\/p>\n<p>L\u2019accent a \u00e9t\u00e9 mis aussi sur la communication autour de cette op\u00e9ration de mani\u00e8re \u00e0 inciter les adh\u00e9rents \u00e0 tirer profit des prestations visant \u00e0 encourager l\u2019investissement dans la r\u00e9gion, outre la projection de films promotionnels supervis\u00e9s par la CCIS, et l\u2019examen d\u2019une s\u00e9rie d\u2019autres axes.<\/p>\n<p>A l\u2019ordre du jour de ladite AGO figuraient aussi la pr\u00e9sentation d\u2019un expos\u00e9 sur les services de la soci\u00e9t\u00e9 en charge de la facilitation des d\u00e9clarations fiscales et sociales au profit des affili\u00e9s \u00e0 la CPU, tout en acceptant de mandater le bureau de la CCIS pour la conclusion de conventions de partenariat avec des institutions commerciales, sociales et de sant\u00e9 afin de promouvoir la Carte d\u2019affiliation \u00e0 la Chambre.<\/p>\n<p>Lors de cette r\u00e9union de travail, l\u2019assistance a \u00e9t\u00e9 convi\u00e9e aussi \u00e0 suivre un expos\u00e9 exhaustif sur les activit\u00e9s de la Chambre tenues entre les deux sessions de l\u2019Assembl\u00e9e G\u00e9n\u00e9rale, outre la pr\u00e9sentation du rapport annuel de la CCIS au titre de l\u2019ann\u00e9e 2021, ainsi que l\u2019adoption du compte administratif du m\u00eame exercice.<\/p>\n<p>Dans une allocution de circonstance, le pr\u00e9sident de la CCIS, M. Kamal Ben Khaled a rappel\u00e9 le contexte national et r\u00e9gional de la tenue de l\u2019Assembl\u00e9e G\u00e9n\u00e9rale, louant, au passage, la d\u00e9cision \u00ab\u00a0clairvoyante\u00a0\u00bb de Sa Majest\u00e9 le Roi Mohammed VI \u00e0 la faveur d\u2019une nouvelle Charte de l\u2019Investissement, \u00e0 m\u00eame de permettre de consolider la part de l\u2019investissement priv\u00e9, la cr\u00e9ation de postes d\u2019emploi et la promotion d\u2019un d\u00e9veloppement territorial \u00e9quitable.<\/p>\n<p>Il a, en outre, mis en relief les Hautes Instructions Royales donn\u00e9es au gouvernement, \u00e0 l\u2019effet de prendre des mesures d\u2019urgence, afin d\u2019att\u00e9nuer les effets de la s\u00e9cheresse et de faire face \u00e0 cette conjoncture d\u00e9licate.<\/p>\n<p>Par la m\u00eame occasion, il a \u00e9t\u00e9 proc\u00e9d\u00e9 \u00e0 l\u2019adoption, \u00e0 l\u2019unanimit\u00e9, de l\u2019ordre du jour de cette session, notamment l\u2019examen et l\u2019approbation du projet du PV de la session extraordinaire de la CCIS en date du 23 d\u00e9cembre 2021, la pr\u00e9sentation du rapport d\u2019activit\u00e9s de la Chambre pour l\u2019ann\u00e9e 2021, et l\u2019examen et l\u2019adoption du projet du compte administratif au titre du m\u00eame exercice.<\/p>\n<p>Cette session qui a \u00e9t\u00e9 marqu\u00e9e par un d\u00e9bat \u00e9difiant et constructif, \u00e0 m\u00eame de consolider et promouvoir les r\u00f4le assign\u00e9s \u00e0 la CCIS, a \u00e9t\u00e9 aussi l\u2019occasion d\u2019adopter une s\u00e9rie d\u2019amendements apport\u00e9s \u00e0 certains points figurant \u00e0 l\u2019ordre du jour de cette r\u00e9union.<\/p>\n<p>The post <a rel=\"nofollow\" href=\"https:\/\/www.mapmarrakech.ma\/fr\/ago-de-la-ccis-adoption-du-projet-du-budget-au-titre-de-2022\/\">AGO de la CCIS: Adoption du projet du budget au titre de 2022<\/a> appeared first on <a rel=\"nofollow\" href=\"https:\/\/www.mapmarrakech.ma\/fr\">MapMarrakech<\/a>.<\/p>\n<\/div>\n<p>Auteur: Meriem IGASS<br \/>\n<a href=\"https:\/\/www.mapmarrakech.ma\/fr\/ago-de-la-ccis-adoption-du-projet-du-budget-au-titre-de-2022\/\">Cliquez ici pour lire l&rsquo;article depuis sa source.<\/a><\/p>\n","protected":false},"excerpt":{"rendered":"<p>Lors de cette r\u00e9union de travail, il a \u00e9t\u00e9 proc\u00e9d\u00e9 de m\u00eame \u00e0 l\u2019adoption de plusieurs axes concernant le plan d\u2019action de la CCIS pour l\u2019ann\u00e9e 2022, note ladite instance dans un communiqu\u00e9, expliquant que la d\u00e9marche consistait en l\u2019adoption d\u2019une approche participative bas\u00e9e sur la collecte des propositions formul\u00e9es par les diff\u00e9rentes commissions permanentes [&hellip;]<\/p>\n","protected":false},"author":1788,"featured_media":0,"comment_status":"closed","ping_status":"closed","sticky":false,"template":"","format":"standard","meta":{"fifu_image_url":"https:\/\/www.mapmarrakech.ma\/map\/uploads\/2022\/03\/CCIS-copier.jpg","fifu_image_alt":"AGO de la CCIS: Adoption du projet du budget au titre de 2022","footnotes":""},"categories":[54,76],"tags":[],"class_list":["post-144384","post","type-post","status-publish","format-standard","hentry","category-maroc","category-regions"],"_links":{"self":[{"href":"https:\/\/linitiative.ca\/International\/wp-json\/wp\/v2\/posts\/144384","targetHints":{"allow":["GET"]}}],"collection":[{"href":"https:\/\/linitiative.ca\/International\/wp-json\/wp\/v2\/posts"}],"about":[{"href":"https:\/\/linitiative.ca\/International\/wp-json\/wp\/v2\/types\/post"}],"author":[{"embeddable":true,"href":"https:\/\/linitiative.ca\/International\/wp-json\/wp\/v2\/users\/1788"}],"replies":[{"embeddable":true,"href":"https:\/\/linitiative.ca\/International\/wp-json\/wp\/v2\/comments?post=144384"}],"version-history":[{"count":0,"href":"https:\/\/linitiative.ca\/International\/wp-json\/wp\/v2\/posts\/144384\/revisions"}],"wp:attachment":[{"href":"https:\/\/linitiative.ca\/International\/wp-json\/wp\/v2\/media?parent=144384"}],"wp:term":[{"taxonomy":"category","embeddable":true,"href":"https:\/\/linitiative.ca\/International\/wp-json\/wp\/v2\/categories?post=144384"},{"taxonomy":"post_tag","embeddable":true,"href":"https:\/\/linitiative.ca\/International\/wp-json\/wp\/v2\/tags?post=144384"}],"curies":[{"name":"wp","href":"https:\/\/api.w.org\/{rel}","templated":true}]}}