{"id":144386,"date":"2022-03-31T11:27:08","date_gmt":"2022-03-31T15:27:08","guid":{"rendered":"https:\/\/linitiative.ca\/International\/le-maroc-un-pays-pionnier-de-lalliance-8-7-contre-lesclavage-moderne\/"},"modified":"2022-03-31T11:27:08","modified_gmt":"2022-03-31T15:27:08","slug":"le-maroc-un-pays-pionnier-de-lalliance-8-7-contre-lesclavage-moderne","status":"publish","type":"post","link":"https:\/\/linitiative.ca\/International\/le-maroc-un-pays-pionnier-de-lalliance-8-7-contre-lesclavage-moderne\/","title":{"rendered":"Le Maroc, un pays pionnier de l\u2019Alliance 8.7 contre l\u2019esclavage moderne"},"content":{"rendered":"<div>\n<div style=\"margin-bottom:20px;\"><img loading=\"lazy\" decoding=\"async\" width=\"750\" height=\"430\" src=\"https:\/\/linitiative.ca\/International\/wp-content\/uploads\/sites\/23\/2022\/03\/esclav-1-copier.jpg\" class=\"attachment-post-thumbnail size-post-thumbnail wp-post-image\" alt=\"\" srcset=\"https:\/\/linitiative.ca\/International\/wp-content\/uploads\/sites\/23\/2022\/03\/esclav-1-copier.jpg 750w, https:\/\/www.mapmarrakech.ma\/map\/uploads\/2022\/03\/esclav-1-copier-300x172.jpg 300w\" sizes=\"auto, (max-width: 750px) 100vw, 750px\"><\/div>\n<p>\u00ab\u00a0Le Maroc fait partie des pays pionniers de l\u2019Alliance 8.7 qui se sont engag\u00e9s \u00e0 acc\u00e9l\u00e9rer leurs efforts et \u00e0 essayer de nouvelles approches dont les autres peuvent s\u2019inspirer pour lutter efficacement contre ce fl\u00e9au\u00a0\u00bb, a soulign\u00e9 M. Forrest dans une d\u00e9claration \u00e0 M24, la chaine t\u00e9l\u00e9vis\u00e9e de l\u2019information en continu de la MAP, \u00e0 l\u2019issue des travaux de la 9\u00e8me \u00e9dition du Forum Mondial de lutte contre l\u2019esclavage moderne (27-30 mars), qui a rassembl\u00e9 plus de 75 dirigeants issus de 30 pays, dont le Maroc.<\/p>\n<p>Dans ce sens, la fondatrice de cette ONG internationale bas\u00e9e \u00e0 Perth, en Australie-Occidentale, a lou\u00e9 les efforts remarquables d\u00e9ploy\u00e9s par le Maroc en mati\u00e8re de lutte contre toutes les formes de l\u2019esclavage moderne, notamment \u00e0 travers la cr\u00e9ation de la Commission nationale de coordination des mesures de lutte et de pr\u00e9vention contre la traite des \u00eatres humains.<\/p>\n<p>\u00ab\u00a0Le Maroc a \u00e9galement criminalis\u00e9 la traite des \u00eatres humains en 2016, une \u00e9tape importante que de nombreux autres pays n\u2019ont malheureusement pas encore franchi\u00a0\u00bb, a relev\u00e9 Mme Forrest, dont l\u2019ONG publie la base de preuves la plus compl\u00e8te au monde sur l\u2019esclavage moderne \u00ab\u00a0Global Slavery Index\u00a0\u00bb.<\/p>\n<p>S\u2019agissant des travaux du 9\u00e8 Forum mondial de lutte contre l\u2019esclavage moderne, Mme Forrest a indiqu\u00e9 que cette rencontre a offert une opportunit\u00e9 in\u00e9dite pour revitaliser le mouvement anti-esclavage et mener une analyse approfondie des priorit\u00e9s r\u00e9gionales en mati\u00e8re de lutte contre les formes contemporaines d\u2019esclavage.<\/p>\n<p>\u00ab\u00a0Apr\u00e8s des ann\u00e9es difficiles li\u00e9es \u00e0 la pand\u00e9mie de la Covid-19, nous avons pu tous nous r\u00e9unir, apprendre les uns des autres et surtout donner plus de poids aux voix des survivants, qui, \u00e0 tous les niveaux de prise de d\u00e9cision, doivent \u00eatre \u00e0 l\u2019avant de la sc\u00e8ne\u00a0\u00bb, a-t-elle soulign\u00e9, ajoutant que la pand\u00e9mie de la Covid-19 \u00ab\u00a0nous a montr\u00e9 qu\u2019il existe une incroyable vuln\u00e9rabilit\u00e9 dans notre monde, accentu\u00e9e par les effets du changement climatique\u00a0\u00bb.<\/p>\n<p>Plac\u00e9 sous le th\u00e8me \u00ab\u00a0Redynamiser la lutte contre l\u2019esclavage moderne : initier des r\u00e9ponses locales pour d\u00e9gager des solutions mondiales\u00a0\u00bb, le Forum a repr\u00e9sent\u00e9 un v\u00e9ritable espace d\u2019\u00e9changes et de discussions entre les leaders du mouvement anti-esclavagiste, rassemblant des repr\u00e9sentants d\u2019ONG internationales, des cadres de l\u2019ONU, des responsables gouvernementaux, des chercheurs universitaires, ainsi que des anciennes victimes de l\u2019esclavage.<\/p>\n<p>Ce conclave avait pour objectif d\u2019investir les moyens pouvant r\u00e9orienter des engagements cl\u00e9s, \u00e0 l\u2019instar du leadership du survivant, la recherche, la mobilisation des ressources, le partenariat et la coordination intersectorielle.<\/p>\n<p>L\u2019organisation de la 9\u00e8me \u00e9dition du Forum de lutte contre l\u2019esclavage moderne \u00e0 Marrakech, rappelle-t-on, t\u00e9moigne des efforts d\u00e9ploy\u00e9s par le Maroc en mati\u00e8re de d\u00e9veloppement durable dans le cadre de l\u2019Alliance 8.7 des Nations Unies.<\/p>\n<p>The post <a rel=\"nofollow\" href=\"https:\/\/www.mapmarrakech.ma\/fr\/le-maroc-un-pays-pionnier-de-lalliance-8-7-contre-lesclavage-moderne\/\">Le Maroc, un pays pionnier de l\u2019Alliance 8.7 contre l\u2019esclavage moderne<\/a> appeared first on <a rel=\"nofollow\" href=\"https:\/\/www.mapmarrakech.ma\/fr\">MapMarrakech<\/a>.<\/p>\n<\/div>\n<p>Auteur: Meriem IGASS<br \/>\n<a href=\"https:\/\/www.mapmarrakech.ma\/fr\/le-maroc-un-pays-pionnier-de-lalliance-8-7-contre-lesclavage-moderne\/\">Cliquez ici pour lire l&rsquo;article depuis sa source.<\/a><\/p>\n","protected":false},"excerpt":{"rendered":"<p>\u00ab\u00a0Le Maroc fait partie des pays pionniers de l\u2019Alliance 8.7 qui se sont engag\u00e9s \u00e0 acc\u00e9l\u00e9rer leurs efforts et \u00e0 essayer de nouvelles approches dont les autres peuvent s\u2019inspirer pour lutter efficacement contre ce fl\u00e9au\u00a0\u00bb, a soulign\u00e9 M. Forrest dans une d\u00e9claration \u00e0 M24, la chaine t\u00e9l\u00e9vis\u00e9e de l\u2019information en continu de la MAP, \u00e0 [&hellip;]<\/p>\n","protected":false},"author":1788,"featured_media":0,"comment_status":"closed","ping_status":"closed","sticky":false,"template":"","format":"standard","meta":{"fifu_image_url":"https:\/\/www.mapmarrakech.ma\/map\/uploads\/2022\/03\/esclav-1-copier.jpg","fifu_image_alt":"Le Maroc, un pays pionnier de l\u2019Alliance 8.7 contre l\u2019esclavage moderne","footnotes":""},"categories":[54,76],"tags":[],"class_list":["post-144386","post","type-post","status-publish","format-standard","hentry","category-maroc","category-regions"],"_links":{"self":[{"href":"https:\/\/linitiative.ca\/International\/wp-json\/wp\/v2\/posts\/144386","targetHints":{"allow":["GET"]}}],"collection":[{"href":"https:\/\/linitiative.ca\/International\/wp-json\/wp\/v2\/posts"}],"about":[{"href":"https:\/\/linitiative.ca\/International\/wp-json\/wp\/v2\/types\/post"}],"author":[{"embeddable":true,"href":"https:\/\/linitiative.ca\/International\/wp-json\/wp\/v2\/users\/1788"}],"replies":[{"embeddable":true,"href":"https:\/\/linitiative.ca\/International\/wp-json\/wp\/v2\/comments?post=144386"}],"version-history":[{"count":0,"href":"https:\/\/linitiative.ca\/International\/wp-json\/wp\/v2\/posts\/144386\/revisions"}],"wp:attachment":[{"href":"https:\/\/linitiative.ca\/International\/wp-json\/wp\/v2\/media?parent=144386"}],"wp:term":[{"taxonomy":"category","embeddable":true,"href":"https:\/\/linitiative.ca\/International\/wp-json\/wp\/v2\/categories?post=144386"},{"taxonomy":"post_tag","embeddable":true,"href":"https:\/\/linitiative.ca\/International\/wp-json\/wp\/v2\/tags?post=144386"}],"curies":[{"name":"wp","href":"https:\/\/api.w.org\/{rel}","templated":true}]}}