{"id":144388,"date":"2022-03-31T11:32:18","date_gmt":"2022-03-31T15:32:18","guid":{"rendered":"https:\/\/linitiative.ca\/International\/plaidoyer-pour-une-convergence-des-efforts-face-a-lesclavage-moderne\/"},"modified":"2022-03-31T11:32:18","modified_gmt":"2022-03-31T15:32:18","slug":"plaidoyer-pour-une-convergence-des-efforts-face-a-lesclavage-moderne","status":"publish","type":"post","link":"https:\/\/linitiative.ca\/International\/plaidoyer-pour-une-convergence-des-efforts-face-a-lesclavage-moderne\/","title":{"rendered":"Plaidoyer pour une convergence des efforts face \u00e0 l\u2019esclavage moderne"},"content":{"rendered":"<div>\n<div style=\"margin-bottom:20px;\"><img loading=\"lazy\" decoding=\"async\" width=\"750\" height=\"430\" src=\"https:\/\/linitiative.ca\/International\/wp-content\/uploads\/sites\/23\/2022\/03\/esclav-copier.jpg\" class=\"attachment-post-thumbnail size-post-thumbnail wp-post-image\" alt=\"\" srcset=\"https:\/\/linitiative.ca\/International\/wp-content\/uploads\/sites\/23\/2022\/03\/esclav-copier.jpg 750w, https:\/\/www.mapmarrakech.ma\/map\/uploads\/2022\/03\/esclav-copier-300x172.jpg 300w\" sizes=\"auto, (max-width: 750px) 100vw, 750px\"><\/div>\n<p>Les participants \u00e0 ce forum plac\u00e9 sous le th\u00e8me \u00ab\u00a0Redynamiser la lutte contre l\u2019esclavage moderne : initier des r\u00e9ponses locales pour d\u00e9gager des solutions mondiales\u00a0\u00bb, ont soulign\u00e9 l\u2019importance d\u2019une action coordonn\u00e9e de la communaut\u00e9 internationale pour faire face aux questions en rapport avec ce ph\u00e9nom\u00e8ne, notamment la Covid-19 et le changement climatique.<\/p>\n<p>Dans le m\u00eame sillage, ils ont appel\u00e9 \u00e0 une mutualisation des efforts pour mobiliser davantage de financements d\u00e9di\u00e9s \u00e0 la lutte contre l\u2019esclavage moderne, tout en mettant en exergue les priorit\u00e9s r\u00e9gionales, afin d\u2019aboutir \u00e0 des r\u00e9solutions concr\u00e8tes et programmatiques.<\/p>\n<p>\u00ab\u00a0Au bout de trois jours de d\u00e9bats et de concertations, nous avons \u00e9mis une s\u00e9rie de recommandations pour renforcer notre action contre l\u2019esclavage moderne\u00a0\u00bb, a d\u00e9clar\u00e9 \u00e0 M24, la cha\u00eene t\u00e9l\u00e9vis\u00e9e de l\u2019information en continu de la MAP, M. Bukeni Waruzi, directeur ex\u00e9cutif de l\u2019ONG International Free The Slaves, \u00e0 l\u2019issue des travaux de ce forum ayant connu la participation de plus de 75 dirigeants issus de 30 pays dont le Maroc.<\/p>\n<p>Tout en soulignant la n\u00e9cessit\u00e9 de sensibiliser les populations vuln\u00e9rables sur la gravit\u00e9 de ce ph\u00e9nom\u00e8ne, il a fait savoir que les pays partenaires et les bailleurs de fonds ont exprim\u00e9 leur engagement \u00e0 mettre en \u0153uvre toutes les recommandations adopt\u00e9es lors de cette rencontre.<\/p>\n<p>Le responsable de Free The Slaves, l\u2019ONG qui sert de Secr\u00e9tariat au Forum, n\u2019a pas manqu\u00e9 d\u2019appeler l\u2019ensemble des parties prenantes \u00e0 \u00ab\u00a0mobiliser toutes\u00a0 les ressources, et \u00e0 concevoir des politique ad\u00e9quates pour \u00e9radiquer le phon\u00e8me de l\u2019esclavage moderne, notamment dans le cadre de l\u2019alliance 8.7\u00a0\u00bb, qui constitue le Pacte mondial pour la r\u00e9alisation de l\u2019objectif 8 cible 7 des Objectifs de D\u00e9veloppement Durable (ODD) visant l\u2019\u00e9radication d\u00e9finitive du travail des enfants, le travail forc\u00e9, la traite des \u00eatres humains et l\u2019esclavage moderne.<\/p>\n<p>V\u00e9ritable espace d\u2019\u00e9changes et de discussions entre les leaders du mouvement anti-esclavagiste, le Forum a rassembl\u00e9 des repr\u00e9sentants d\u2019ONG internationales, des cadres de l\u2019ONU, des responsables gouvernementaux, des chercheurs universitaires, ainsi que des anciennes victimes de l\u2019esclavage.<\/p>\n<p>Ce conclave avait pour objectif d\u2019investir les moyens pouvant r\u00e9orienter des engagements cl\u00e9s, \u00e0 l\u2019instar du leadership du survivant, la recherche, la mobilisation des ressources, le partenariat et la coordination intersectorielle.<\/p>\n<p>Le Forum a pu regrouper les conclusions de cinq forums r\u00e9gionaux organis\u00e9s en 2021. Ces \u00e9v\u00e9nements ont permis de d\u00e9gager les priorit\u00e9s de la population locale. Les donn\u00e9es recueillies ont \u00e9t\u00e9 regroup\u00e9es, affin\u00e9es et transf\u00e9r\u00e9es aux organisations mondiales et aux diff\u00e9rents leaders pour impliquer et sensibiliser la communaut\u00e9 internationale sur le sujet.<\/p>\n<p>L\u2019organisation de la 9\u00e8me \u00e9dition du Forum de lutte contre l\u2019esclavage moderne \u00e0 Marrakech, rappelle-t-on, t\u00e9moigne des efforts d\u00e9ploy\u00e9s par le Maroc en mati\u00e8re de d\u00e9veloppement durable dans le cadre de l\u2019Alliance 8.7 des Nations Unies.<\/p>\n<p>A l\u2019horizon 2025, ces objectifs visent \u00e0 prendre des mesures imm\u00e9diates et efficaces pour \u00e9radiquer le travail forc\u00e9 et mettre fin \u00e0 l\u2019esclavage moderne et \u00e0 la traite des \u00eatres humains. Il s\u2019agit aussi de d\u00e9ployer de nouvelles mesures pour interdire et \u00e9liminer les pires formes de travail des enfants y compris le recrutement et l\u2019emploi des mineurs comme soldats sous toutes les formes.<\/p>\n<p>The post <a rel=\"nofollow\" href=\"https:\/\/www.mapmarrakech.ma\/fr\/plaidoyer-pour-une-convergence-des-efforts-face-a-lesclavage-moderne\/\">Plaidoyer pour une convergence des efforts face \u00e0 l\u2019esclavage moderne<\/a> appeared first on <a rel=\"nofollow\" href=\"https:\/\/www.mapmarrakech.ma\/fr\">MapMarrakech<\/a>.<\/p>\n<\/div>\n<p>Auteur: Meriem IGASS<br \/>\n<a href=\"https:\/\/www.mapmarrakech.ma\/fr\/plaidoyer-pour-une-convergence-des-efforts-face-a-lesclavage-moderne\/\">Cliquez ici pour lire l&rsquo;article depuis sa source.<\/a><\/p>\n","protected":false},"excerpt":{"rendered":"<p>Les participants \u00e0 ce forum plac\u00e9 sous le th\u00e8me \u00ab\u00a0Redynamiser la lutte contre l\u2019esclavage moderne : initier des r\u00e9ponses locales pour d\u00e9gager des solutions mondiales\u00a0\u00bb, ont soulign\u00e9 l\u2019importance d\u2019une action coordonn\u00e9e de la communaut\u00e9 internationale pour faire face aux questions en rapport avec ce ph\u00e9nom\u00e8ne, notamment la Covid-19 et le changement climatique. Dans le m\u00eame [&hellip;]<\/p>\n","protected":false},"author":1788,"featured_media":0,"comment_status":"closed","ping_status":"closed","sticky":false,"template":"","format":"standard","meta":{"fifu_image_url":"https:\/\/www.mapmarrakech.ma\/map\/uploads\/2022\/03\/esclav-copier.jpg","fifu_image_alt":"Plaidoyer pour une convergence des efforts face \u00e0 l\u2019esclavage moderne","footnotes":""},"categories":[54,76],"tags":[],"class_list":["post-144388","post","type-post","status-publish","format-standard","hentry","category-maroc","category-regions"],"_links":{"self":[{"href":"https:\/\/linitiative.ca\/International\/wp-json\/wp\/v2\/posts\/144388","targetHints":{"allow":["GET"]}}],"collection":[{"href":"https:\/\/linitiative.ca\/International\/wp-json\/wp\/v2\/posts"}],"about":[{"href":"https:\/\/linitiative.ca\/International\/wp-json\/wp\/v2\/types\/post"}],"author":[{"embeddable":true,"href":"https:\/\/linitiative.ca\/International\/wp-json\/wp\/v2\/users\/1788"}],"replies":[{"embeddable":true,"href":"https:\/\/linitiative.ca\/International\/wp-json\/wp\/v2\/comments?post=144388"}],"version-history":[{"count":0,"href":"https:\/\/linitiative.ca\/International\/wp-json\/wp\/v2\/posts\/144388\/revisions"}],"wp:attachment":[{"href":"https:\/\/linitiative.ca\/International\/wp-json\/wp\/v2\/media?parent=144388"}],"wp:term":[{"taxonomy":"category","embeddable":true,"href":"https:\/\/linitiative.ca\/International\/wp-json\/wp\/v2\/categories?post=144388"},{"taxonomy":"post_tag","embeddable":true,"href":"https:\/\/linitiative.ca\/International\/wp-json\/wp\/v2\/tags?post=144388"}],"curies":[{"name":"wp","href":"https:\/\/api.w.org\/{rel}","templated":true}]}}