{"id":144390,"date":"2022-03-31T09:57:48","date_gmt":"2022-03-31T13:57:48","guid":{"rendered":"https:\/\/linitiative.ca\/International\/inclusion-financiere-tamwilcom-et-la-berd-scellent-un-mou\/"},"modified":"2022-03-31T09:57:48","modified_gmt":"2022-03-31T13:57:48","slug":"inclusion-financiere-tamwilcom-et-la-berd-scellent-un-mou","status":"publish","type":"post","link":"https:\/\/linitiative.ca\/International\/inclusion-financiere-tamwilcom-et-la-berd-scellent-un-mou\/","title":{"rendered":"Inclusion financi\u00e8re: TAMWILCOM et la BERD scellent un MoU"},"content":{"rendered":"<div>\n<div class=\"field field-name-body field-type-text-with-summary field-label-hidden\">\n<div class=\"field-items\">\n<div class=\"field-item even\" property=\"content:encoded\">\n<p>Marquant la volont\u00e9 commune des deux parties \u00e0 renforcer leur coop\u00e9ration en faveur du d\u00e9veloppement \u00e9conomique et durable du Maroc, Tamwilcom et la Banque Europ\u00e9enne pour la Reconstruction et le D\u00e9veloppement (BERD) ont sign\u00e9, mercredi \u00e0 Rabat, un m\u00e9morandum d\u2019entente (MoU).<\/p>\n<\/div>\n<\/div>\n<\/div>\n<\/div>\n<p>Auteur: mbasraoui<br \/>\n<a href=\"https:\/\/www.leconomiste.com\/flash-infos\/inclusion-financiere-tamwilcom-et-la-berd-scellent-un-mou\">Cliquez ici pour lire l&rsquo;article depuis sa source.<\/a><\/p>\n","protected":false},"excerpt":{"rendered":"<p>Marquant la volont\u00e9 commune des deux parties \u00e0 renforcer leur coop\u00e9ration en faveur du d\u00e9veloppement \u00e9conomique et durable du Maroc, Tamwilcom et la Banque Europ\u00e9enne pour la Reconstruction et le D\u00e9veloppement (BERD) ont sign\u00e9, mercredi \u00e0 Rabat, un m\u00e9morandum d\u2019entente (MoU). Auteur: mbasraoui Cliquez ici pour lire l&rsquo;article depuis sa source.<\/p>\n","protected":false},"author":1763,"featured_media":0,"comment_status":"closed","ping_status":"closed","sticky":false,"template":"","format":"standard","meta":{"fifu_image_url":"","fifu_image_alt":"","footnotes":""},"categories":[78,54],"tags":[],"class_list":["post-144390","post","type-post","status-publish","format-standard","hentry","category-economie","category-maroc"],"_links":{"self":[{"href":"https:\/\/linitiative.ca\/International\/wp-json\/wp\/v2\/posts\/144390","targetHints":{"allow":["GET"]}}],"collection":[{"href":"https:\/\/linitiative.ca\/International\/wp-json\/wp\/v2\/posts"}],"about":[{"href":"https:\/\/linitiative.ca\/International\/wp-json\/wp\/v2\/types\/post"}],"author":[{"embeddable":true,"href":"https:\/\/linitiative.ca\/International\/wp-json\/wp\/v2\/users\/1763"}],"replies":[{"embeddable":true,"href":"https:\/\/linitiative.ca\/International\/wp-json\/wp\/v2\/comments?post=144390"}],"version-history":[{"count":0,"href":"https:\/\/linitiative.ca\/International\/wp-json\/wp\/v2\/posts\/144390\/revisions"}],"wp:attachment":[{"href":"https:\/\/linitiative.ca\/International\/wp-json\/wp\/v2\/media?parent=144390"}],"wp:term":[{"taxonomy":"category","embeddable":true,"href":"https:\/\/linitiative.ca\/International\/wp-json\/wp\/v2\/categories?post=144390"},{"taxonomy":"post_tag","embeddable":true,"href":"https:\/\/linitiative.ca\/International\/wp-json\/wp\/v2\/tags?post=144390"}],"curies":[{"name":"wp","href":"https:\/\/api.w.org\/{rel}","templated":true}]}}