{"id":144391,"date":"2022-03-31T10:39:49","date_gmt":"2022-03-31T14:39:49","guid":{"rendered":"https:\/\/linitiative.ca\/International\/fifa-infantino-brigue-un-troisieme-mandat\/"},"modified":"2022-03-31T10:39:49","modified_gmt":"2022-03-31T14:39:49","slug":"fifa-infantino-brigue-un-troisieme-mandat","status":"publish","type":"post","link":"https:\/\/linitiative.ca\/International\/fifa-infantino-brigue-un-troisieme-mandat\/","title":{"rendered":"FIFA: Infantino brigue un troisi\u00e8me mandat"},"content":{"rendered":"<div>\n<div class=\"field field-name-body field-type-text-with-summary field-label-hidden\">\n<div class=\"field-items\">\n<div class=\"field-item even\" property=\"content:encoded\">\n<p>Le pr\u00e9sident de la Fifa, Gianni Infantino a annonc\u00e9 qu&rsquo;il se porte candidat \u00e0 sa propre succession, pour un troisi\u00e8me mandat.<\/p>\n<p>\u00ab\u00a0Je briguerai ma r\u00e9\u00e9lection\u00a0\u00bb l&rsquo;an prochain, a d\u00e9clar\u00e9 Infantino devant le Congr\u00e8s r\u00e9unissant \u00e0 Doha les f\u00e9d\u00e9rations affili\u00e9es \u00e0 l&rsquo;instance dirigeante du football mondial, \u00e0 la veille du tirage au sort du Mondial-2022 au Qatar.\u00a0L&rsquo;Italo-Suisse (52 ans), juriste de formation, avait pris les r\u00eanes de la Fifa en 2016 alors que l&rsquo;instance mondiale \u00e9tait en plein scandale plan\u00e9taire de corruption, avant d&rsquo;\u00eatre r\u00e9\u00e9lu en tant que seul candidat en 2019.<\/p>\n<\/div>\n<\/div>\n<\/div>\n<\/div>\n<p>Auteur: mbasraoui<br \/>\n<a href=\"https:\/\/www.leconomiste.com\/flash-infos\/fifa-infantino-brigue-un-troisieme-mandat\">Cliquez ici pour lire l&rsquo;article depuis sa source.<\/a><\/p>\n","protected":false},"excerpt":{"rendered":"<p>Le pr\u00e9sident de la Fifa, Gianni Infantino a annonc\u00e9 qu&rsquo;il se porte candidat \u00e0 sa propre succession, pour un troisi\u00e8me mandat. \u00ab\u00a0Je briguerai ma r\u00e9\u00e9lection\u00a0\u00bb l&rsquo;an prochain, a d\u00e9clar\u00e9 Infantino devant le Congr\u00e8s r\u00e9unissant \u00e0 Doha les f\u00e9d\u00e9rations affili\u00e9es \u00e0 l&rsquo;instance dirigeante du football mondial, \u00e0 la veille du tirage au sort du Mondial-2022 au [&hellip;]<\/p>\n","protected":false},"author":1763,"featured_media":0,"comment_status":"closed","ping_status":"closed","sticky":false,"template":"","format":"standard","meta":{"fifu_image_url":"","fifu_image_alt":"","footnotes":""},"categories":[78,54],"tags":[],"class_list":["post-144391","post","type-post","status-publish","format-standard","hentry","category-economie","category-maroc"],"_links":{"self":[{"href":"https:\/\/linitiative.ca\/International\/wp-json\/wp\/v2\/posts\/144391","targetHints":{"allow":["GET"]}}],"collection":[{"href":"https:\/\/linitiative.ca\/International\/wp-json\/wp\/v2\/posts"}],"about":[{"href":"https:\/\/linitiative.ca\/International\/wp-json\/wp\/v2\/types\/post"}],"author":[{"embeddable":true,"href":"https:\/\/linitiative.ca\/International\/wp-json\/wp\/v2\/users\/1763"}],"replies":[{"embeddable":true,"href":"https:\/\/linitiative.ca\/International\/wp-json\/wp\/v2\/comments?post=144391"}],"version-history":[{"count":0,"href":"https:\/\/linitiative.ca\/International\/wp-json\/wp\/v2\/posts\/144391\/revisions"}],"wp:attachment":[{"href":"https:\/\/linitiative.ca\/International\/wp-json\/wp\/v2\/media?parent=144391"}],"wp:term":[{"taxonomy":"category","embeddable":true,"href":"https:\/\/linitiative.ca\/International\/wp-json\/wp\/v2\/categories?post=144391"},{"taxonomy":"post_tag","embeddable":true,"href":"https:\/\/linitiative.ca\/International\/wp-json\/wp\/v2\/tags?post=144391"}],"curies":[{"name":"wp","href":"https:\/\/api.w.org\/{rel}","templated":true}]}}