{"id":144392,"date":"2022-03-31T11:26:30","date_gmt":"2022-03-31T15:26:30","guid":{"rendered":"https:\/\/linitiative.ca\/International\/maroc-espagne-le-roi-sentretient-avec-pedro-sanchez\/"},"modified":"2022-03-31T11:26:30","modified_gmt":"2022-03-31T15:26:30","slug":"maroc-espagne-le-roi-sentretient-avec-pedro-sanchez","status":"publish","type":"post","link":"https:\/\/linitiative.ca\/International\/maroc-espagne-le-roi-sentretient-avec-pedro-sanchez\/","title":{"rendered":"Maroc &#8211; Espagne: Le Roi s\u2019entretient avec Pedro S\u00e1nchez"},"content":{"rendered":"<div>\n<div class=\"field field-name-body field-type-text-with-summary field-label-hidden\">\n<div class=\"field-items\">\n<div class=\"field-item even\" property=\"content:encoded\">\n<p class=\"rtejustify\">Le Roi Mohammed VI a eu, jeudi, un entretien t\u00e9l\u00e9phonique avec le pr\u00e9sident du Gouvernement espagnol, Pedro S\u00e1nchez, indique le cabinet royal. Au cours de cet \u00e9change, le Souverain a r\u00e9it\u00e9r\u00e9 sa haute appr\u00e9ciation pour le contenu du message qui lui a \u00e9t\u00e9 adress\u00e9, le 14 mars, par Pedro S\u00e1nchez.<\/p>\n<\/div>\n<\/div>\n<\/div>\n<\/div>\n<p>Auteur: hgueye<br \/>\n<a href=\"https:\/\/www.leconomiste.com\/flash-infos\/maroc-espagne-le-roi-s-entretient-avec-pedro-sanchez\">Cliquez ici pour lire l&rsquo;article depuis sa source.<\/a><\/p>\n","protected":false},"excerpt":{"rendered":"<p>Le Roi Mohammed VI a eu, jeudi, un entretien t\u00e9l\u00e9phonique avec le pr\u00e9sident du Gouvernement espagnol, Pedro S\u00e1nchez, indique le cabinet royal. Au cours de cet \u00e9change, le Souverain a r\u00e9it\u00e9r\u00e9 sa haute appr\u00e9ciation pour le contenu du message qui lui a \u00e9t\u00e9 adress\u00e9, le 14 mars, par Pedro S\u00e1nchez. Auteur: hgueye Cliquez ici pour [&hellip;]<\/p>\n","protected":false},"author":1763,"featured_media":0,"comment_status":"closed","ping_status":"closed","sticky":false,"template":"","format":"standard","meta":{"fifu_image_url":"","fifu_image_alt":"","footnotes":""},"categories":[78,54],"tags":[],"class_list":["post-144392","post","type-post","status-publish","format-standard","hentry","category-economie","category-maroc"],"_links":{"self":[{"href":"https:\/\/linitiative.ca\/International\/wp-json\/wp\/v2\/posts\/144392","targetHints":{"allow":["GET"]}}],"collection":[{"href":"https:\/\/linitiative.ca\/International\/wp-json\/wp\/v2\/posts"}],"about":[{"href":"https:\/\/linitiative.ca\/International\/wp-json\/wp\/v2\/types\/post"}],"author":[{"embeddable":true,"href":"https:\/\/linitiative.ca\/International\/wp-json\/wp\/v2\/users\/1763"}],"replies":[{"embeddable":true,"href":"https:\/\/linitiative.ca\/International\/wp-json\/wp\/v2\/comments?post=144392"}],"version-history":[{"count":0,"href":"https:\/\/linitiative.ca\/International\/wp-json\/wp\/v2\/posts\/144392\/revisions"}],"wp:attachment":[{"href":"https:\/\/linitiative.ca\/International\/wp-json\/wp\/v2\/media?parent=144392"}],"wp:term":[{"taxonomy":"category","embeddable":true,"href":"https:\/\/linitiative.ca\/International\/wp-json\/wp\/v2\/categories?post=144392"},{"taxonomy":"post_tag","embeddable":true,"href":"https:\/\/linitiative.ca\/International\/wp-json\/wp\/v2\/tags?post=144392"}],"curies":[{"name":"wp","href":"https:\/\/api.w.org\/{rel}","templated":true}]}}