{"id":144393,"date":"2022-03-31T12:17:33","date_gmt":"2022-03-31T16:17:33","guid":{"rendered":"https:\/\/linitiative.ca\/International\/dattes-importees-baitas-rassure\/"},"modified":"2022-03-31T12:17:33","modified_gmt":"2022-03-31T16:17:33","slug":"dattes-importees-baitas-rassure","status":"publish","type":"post","link":"https:\/\/linitiative.ca\/International\/dattes-importees-baitas-rassure\/","title":{"rendered":"Dattes import\u00e9es: Baitas rassure"},"content":{"rendered":"<div>\n<div class=\"field field-name-body field-type-text-with-summary field-label-hidden\">\n<div class=\"field-items\">\n<div class=\"field-item even\" property=\"content:encoded\">\n<p class=\"rtejustify\">Produits tr\u00e8s consomm\u00e9s durant le mois de Ramadan, les dattes import\u00e9es sont vis\u00e9es par une campagne de boycott n\u00e9e subitement sur les r\u00e9seaux sociaux. Le ministre d\u00e9l\u00e9gu\u00e9 charg\u00e9 des Relations avec le Parlement, porte-parole du gouvernement, Mustapha Baitas, a rassur\u00e9, jeudi \u00e0 Rabat, sur l&rsquo;importation de ces produits. Il a indiqu\u00e9 que les dattes import\u00e9es font l&rsquo;objet d&rsquo;un contr\u00f4le r\u00e9gulier lors de l&rsquo;importation, suite aux appels au boycott des dattes alg\u00e9riennes sur les r\u00e9seaux sociaux.<\/p>\n<\/div>\n<\/div>\n<\/div>\n<\/div>\n<p>Auteur: hgueye<br \/>\n<a href=\"https:\/\/www.leconomiste.com\/flash-infos\/dattes-importees-baitas-rassure\">Cliquez ici pour lire l&rsquo;article depuis sa source.<\/a><\/p>\n","protected":false},"excerpt":{"rendered":"<p>Produits tr\u00e8s consomm\u00e9s durant le mois de Ramadan, les dattes import\u00e9es sont vis\u00e9es par une campagne de boycott n\u00e9e subitement sur les r\u00e9seaux sociaux. Le ministre d\u00e9l\u00e9gu\u00e9 charg\u00e9 des Relations avec le Parlement, porte-parole du gouvernement, Mustapha Baitas, a rassur\u00e9, jeudi \u00e0 Rabat, sur l&rsquo;importation de ces produits. Il a indiqu\u00e9 que les dattes import\u00e9es [&hellip;]<\/p>\n","protected":false},"author":1763,"featured_media":0,"comment_status":"closed","ping_status":"closed","sticky":false,"template":"","format":"standard","meta":{"fifu_image_url":"","fifu_image_alt":"","footnotes":""},"categories":[78,54],"tags":[],"class_list":["post-144393","post","type-post","status-publish","format-standard","hentry","category-economie","category-maroc"],"_links":{"self":[{"href":"https:\/\/linitiative.ca\/International\/wp-json\/wp\/v2\/posts\/144393","targetHints":{"allow":["GET"]}}],"collection":[{"href":"https:\/\/linitiative.ca\/International\/wp-json\/wp\/v2\/posts"}],"about":[{"href":"https:\/\/linitiative.ca\/International\/wp-json\/wp\/v2\/types\/post"}],"author":[{"embeddable":true,"href":"https:\/\/linitiative.ca\/International\/wp-json\/wp\/v2\/users\/1763"}],"replies":[{"embeddable":true,"href":"https:\/\/linitiative.ca\/International\/wp-json\/wp\/v2\/comments?post=144393"}],"version-history":[{"count":0,"href":"https:\/\/linitiative.ca\/International\/wp-json\/wp\/v2\/posts\/144393\/revisions"}],"wp:attachment":[{"href":"https:\/\/linitiative.ca\/International\/wp-json\/wp\/v2\/media?parent=144393"}],"wp:term":[{"taxonomy":"category","embeddable":true,"href":"https:\/\/linitiative.ca\/International\/wp-json\/wp\/v2\/categories?post=144393"},{"taxonomy":"post_tag","embeddable":true,"href":"https:\/\/linitiative.ca\/International\/wp-json\/wp\/v2\/tags?post=144393"}],"curies":[{"name":"wp","href":"https:\/\/api.w.org\/{rel}","templated":true}]}}