{"id":144395,"date":"2022-03-31T08:29:00","date_gmt":"2022-03-31T12:29:00","guid":{"rendered":"https:\/\/linitiative.ca\/International\/algerie-cameroun-la-faf-introduit-un-recours-a-lencontre-de-larbitre-du-match\/"},"modified":"2022-03-31T08:29:00","modified_gmt":"2022-03-31T12:29:00","slug":"algerie-cameroun-la-faf-introduit-un-recours-a-lencontre-de-larbitre-du-match","status":"publish","type":"post","link":"https:\/\/linitiative.ca\/International\/algerie-cameroun-la-faf-introduit-un-recours-a-lencontre-de-larbitre-du-match\/","title":{"rendered":"Alg\u00e9rie-Cameroun: La FAF introduit un recours \u00e0 l&rsquo;encontre de l&rsquo;arbitre du match"},"content":{"rendered":"<div>la FAF demande \u00e9galement l&rsquo;ouverture d&rsquo;une enqu\u00eate par les organes de la FIFA&#8230;<\/div>\n<p>Auteur:<br \/>\n<a href=\"https:\/\/www.lebuteur.com\/article\/detail?titre=algerie-cameroun-la-faf-introduit-un-recours-a-lencontre-de-larbitre-du-match&#038;id=102608\">Cliquez ici pour lire l&rsquo;article depuis sa source.<\/a><\/p>\n","protected":false},"excerpt":{"rendered":"<p>la FAF demande \u00e9galement l&rsquo;ouverture d&rsquo;une enqu\u00eate par les organes de la FIFA&#8230; Auteur: Cliquez ici pour lire l&rsquo;article depuis sa source.<\/p>\n","protected":false},"author":1738,"featured_media":0,"comment_status":"closed","ping_status":"closed","sticky":false,"template":"","format":"standard","meta":{"fifu_image_url":"","fifu_image_alt":"","footnotes":""},"categories":[53,75],"tags":[],"class_list":["post-144395","post","type-post","status-publish","format-standard","hentry","category-algerie","category-sport"],"_links":{"self":[{"href":"https:\/\/linitiative.ca\/International\/wp-json\/wp\/v2\/posts\/144395","targetHints":{"allow":["GET"]}}],"collection":[{"href":"https:\/\/linitiative.ca\/International\/wp-json\/wp\/v2\/posts"}],"about":[{"href":"https:\/\/linitiative.ca\/International\/wp-json\/wp\/v2\/types\/post"}],"author":[{"embeddable":true,"href":"https:\/\/linitiative.ca\/International\/wp-json\/wp\/v2\/users\/1738"}],"replies":[{"embeddable":true,"href":"https:\/\/linitiative.ca\/International\/wp-json\/wp\/v2\/comments?post=144395"}],"version-history":[{"count":0,"href":"https:\/\/linitiative.ca\/International\/wp-json\/wp\/v2\/posts\/144395\/revisions"}],"wp:attachment":[{"href":"https:\/\/linitiative.ca\/International\/wp-json\/wp\/v2\/media?parent=144395"}],"wp:term":[{"taxonomy":"category","embeddable":true,"href":"https:\/\/linitiative.ca\/International\/wp-json\/wp\/v2\/categories?post=144395"},{"taxonomy":"post_tag","embeddable":true,"href":"https:\/\/linitiative.ca\/International\/wp-json\/wp\/v2\/tags?post=144395"}],"curies":[{"name":"wp","href":"https:\/\/api.w.org\/{rel}","templated":true}]}}