{"id":144404,"date":"2022-03-31T06:38:00","date_gmt":"2022-03-31T10:38:00","guid":{"rendered":"https:\/\/linitiative.ca\/International\/el-abassi-saied-et-boughdiri-nemsia-bientot-a-washington-pour-les-assemblees-du-fmi-et-de-la-banque-mondiale\/"},"modified":"2022-03-31T06:38:00","modified_gmt":"2022-03-31T10:38:00","slug":"el-abassi-saied-et-boughdiri-nemsia-bientot-a-washington-pour-les-assemblees-du-fmi-et-de-la-banque-mondiale","status":"publish","type":"post","link":"https:\/\/linitiative.ca\/International\/el-abassi-saied-et-boughdiri-nemsia-bientot-a-washington-pour-les-assemblees-du-fmi-et-de-la-banque-mondiale\/","title":{"rendered":"El Abassi, Sa\u00efed et Boughdiri Nemsia bient\u00f4t \u00e0 Washington pour les assembl\u00e9es du FMI et de la Banque mondiale"},"content":{"rendered":"<div><img decoding=\"async\" src=\"https:\/\/linitiative.ca\/International\/wp-content\/uploads\/sites\/23\/2022\/03\/1648719966_article.jpg\" alt=\"El Abassi, Sa\u00efed et Boughdiri Nemsia bient\u00f4t \u00e0 Washington pour les assembl\u00e9es du FMI et de la Banque mondiale\" align=\"left\">C\u2019est une forte d\u00e9l\u00e9gation tunisienne qui se rendra \u00e0 Washington DC prendre part aux assembl\u00e9es et r\u00e9unions du printemps du Fonds mon\u00e9taire international (FMI) et du groupe de la Banque mondiale, devant se tenir du 18 au 24 avril 2022. Elle sera compos\u00e9e notamment du gouverneur de la Banque centrale, Marouane El Abasssi et des ministres de l\u2019Economie, Samir Sa\u00efed et des Finances, Sihem Boughdiri Nemsia. Mission principale : plaider en faveur d\u2019un programme avec le FMI en r\u00e9affirmant la capacit\u00e9 de la Tunisie \u00e0 mettre en \u0153uvre les r\u00e9formes convenues.<br \/>\nL\u2019objectif est de parvenir \u00e0 un feu vert du FMI pour engager les n\u00e9gociations et aboutir dans les plus brefs d\u00e9lais \u00e0 &#8230;<\/p>\n<\/div>\n<p>Auteur:<br \/>\n<a href=\"https:\/\/www.leaders.com.tn\/article\/33161-el-abassi-saied-et-boughdiri-nemsia-bientot-a-washington-pour-les-assemblees-du-fmi-et-de-la-banque-mondiale\">Cliquez ici pour lire l&rsquo;article depuis sa source.<\/a><\/p>\n","protected":false},"excerpt":{"rendered":"<p>C\u2019est une forte d\u00e9l\u00e9gation tunisienne qui se rendra \u00e0 Washington DC prendre part aux assembl\u00e9es et r\u00e9unions du printemps du Fonds mon\u00e9taire international (FMI) et du groupe de la Banque mondiale, devant se tenir du 18 au 24 avril 2022. Elle sera compos\u00e9e notamment du gouverneur de la Banque centrale, Marouane El Abasssi et des [&hellip;]<\/p>\n","protected":false},"author":1772,"featured_media":0,"comment_status":"closed","ping_status":"closed","sticky":false,"template":"","format":"standard","meta":{"fifu_image_url":"http:\/\/www.leaders.com.tn\/uploads\/content\/thumbnails_small\/1648719966_article.jpg","fifu_image_alt":"El Abassi, Sa\u00efed et Boughdiri Nemsia bient\u00f4t \u00e0 Washington pour les assembl\u00e9es du FMI et de la Banque mondiale","footnotes":""},"categories":[73,55],"tags":[],"class_list":["post-144404","post","type-post","status-publish","format-standard","hentry","category-actualite","category-tunisie"],"_links":{"self":[{"href":"https:\/\/linitiative.ca\/International\/wp-json\/wp\/v2\/posts\/144404","targetHints":{"allow":["GET"]}}],"collection":[{"href":"https:\/\/linitiative.ca\/International\/wp-json\/wp\/v2\/posts"}],"about":[{"href":"https:\/\/linitiative.ca\/International\/wp-json\/wp\/v2\/types\/post"}],"author":[{"embeddable":true,"href":"https:\/\/linitiative.ca\/International\/wp-json\/wp\/v2\/users\/1772"}],"replies":[{"embeddable":true,"href":"https:\/\/linitiative.ca\/International\/wp-json\/wp\/v2\/comments?post=144404"}],"version-history":[{"count":0,"href":"https:\/\/linitiative.ca\/International\/wp-json\/wp\/v2\/posts\/144404\/revisions"}],"wp:attachment":[{"href":"https:\/\/linitiative.ca\/International\/wp-json\/wp\/v2\/media?parent=144404"}],"wp:term":[{"taxonomy":"category","embeddable":true,"href":"https:\/\/linitiative.ca\/International\/wp-json\/wp\/v2\/categories?post=144404"},{"taxonomy":"post_tag","embeddable":true,"href":"https:\/\/linitiative.ca\/International\/wp-json\/wp\/v2\/tags?post=144404"}],"curies":[{"name":"wp","href":"https:\/\/api.w.org\/{rel}","templated":true}]}}