{"id":144406,"date":"2022-03-31T07:05:00","date_gmt":"2022-03-31T11:05:00","guid":{"rendered":"https:\/\/linitiative.ca\/International\/le-fmi-cherche-des-garanties-quant-a-lengagement-de-lugtt-et-la-capacite-de-la-tunisie-de-mettre-en-oeuvre-les-reformes-necessaires\/"},"modified":"2022-03-31T07:05:00","modified_gmt":"2022-03-31T11:05:00","slug":"le-fmi-cherche-des-garanties-quant-a-lengagement-de-lugtt-et-la-capacite-de-la-tunisie-de-mettre-en-oeuvre-les-reformes-necessaires","status":"publish","type":"post","link":"https:\/\/linitiative.ca\/International\/le-fmi-cherche-des-garanties-quant-a-lengagement-de-lugtt-et-la-capacite-de-la-tunisie-de-mettre-en-oeuvre-les-reformes-necessaires\/","title":{"rendered":"Le FMI cherche des garanties quant \u00e0 l\u2019engagement de l\u2019UGTT et la capacit\u00e9 de la Tunisie de mettre en \u0153uvre les r\u00e9formes n\u00e9cessaires"},"content":{"rendered":"<div><img decoding=\"async\" src=\"https:\/\/linitiative.ca\/International\/wp-content\/uploads\/sites\/23\/2022\/03\/1648723117_article.jpg\" alt=\"Le FMI cherche des garanties quant \u00e0 l\u2019engagement de l\u2019UGTT et la capacit\u00e9 de la Tunisie de mettre en \u0153uvre les r\u00e9formes n\u00e9cessaires\" align=\"left\">R\u00e9dig\u00e9 dans le langage du si\u00e8ge, c\u2019est-\u00e0-dire aseptis\u00e9 et n\u00e9cessitant ex\u00e9g\u00e8se, le communiqu\u00e9 de presse publi\u00e9 par le Fonds mon\u00e9taire international (FMI), \u00e0 l\u2019issue de la mission qu\u2019il avait r\u00e9cemment mandat\u00e9e en Tunisie du 23 au 25 mars 2002, ne dit pas tout. Cette mission, conduite par Taline Koranchelian, directrice adjointe du d\u00e9partement Moyen-Orient et Asie Centrale, qui \u00e9tait accompagn\u00e9e de Chris Geiregat, chef de mission du FMI pour la Tunisie, \u00e9tait arriv\u00e9e, non sans quelques fragilit\u00e9s pr\u00e9sentes \u00e0 l\u2019esprit, \u00e0 la recherche de garanties quant \u00e0 l\u2019ex\u00e9cution du programme \u00e0 convenir. Ces garanties, essentiellement politiques, sont de diverses natures, &#8230;<\/p>\n<\/div>\n<p>Auteur:<br \/>\n<a href=\"https:\/\/www.leaders.com.tn\/article\/33162-le-fmi-cherche-des-garanties-quant-a-l-engagement-de-l-ugtt-et-la-capacite-de-la-tunisie-de-mettre-en-oeuvre-les-reformes-necessaires\">Cliquez ici pour lire l&rsquo;article depuis sa source.<\/a><\/p>\n","protected":false},"excerpt":{"rendered":"<p>R\u00e9dig\u00e9 dans le langage du si\u00e8ge, c\u2019est-\u00e0-dire aseptis\u00e9 et n\u00e9cessitant ex\u00e9g\u00e8se, le communiqu\u00e9 de presse publi\u00e9 par le Fonds mon\u00e9taire international (FMI), \u00e0 l\u2019issue de la mission qu\u2019il avait r\u00e9cemment mandat\u00e9e en Tunisie du 23 au 25 mars 2002, ne dit pas tout. Cette mission, conduite par Taline Koranchelian, directrice adjointe du d\u00e9partement Moyen-Orient et [&hellip;]<\/p>\n","protected":false},"author":1772,"featured_media":0,"comment_status":"closed","ping_status":"closed","sticky":false,"template":"","format":"standard","meta":{"fifu_image_url":"http:\/\/www.leaders.com.tn\/uploads\/content\/thumbnails_small\/1648723117_article.jpg","fifu_image_alt":"Le FMI cherche des garanties quant \u00e0 l\u2019engagement de l\u2019UGTT et la capacit\u00e9 de la Tunisie de mettre en \u0153uvre les r\u00e9formes n\u00e9cessaires","footnotes":""},"categories":[73,55],"tags":[],"class_list":["post-144406","post","type-post","status-publish","format-standard","hentry","category-actualite","category-tunisie"],"_links":{"self":[{"href":"https:\/\/linitiative.ca\/International\/wp-json\/wp\/v2\/posts\/144406","targetHints":{"allow":["GET"]}}],"collection":[{"href":"https:\/\/linitiative.ca\/International\/wp-json\/wp\/v2\/posts"}],"about":[{"href":"https:\/\/linitiative.ca\/International\/wp-json\/wp\/v2\/types\/post"}],"author":[{"embeddable":true,"href":"https:\/\/linitiative.ca\/International\/wp-json\/wp\/v2\/users\/1772"}],"replies":[{"embeddable":true,"href":"https:\/\/linitiative.ca\/International\/wp-json\/wp\/v2\/comments?post=144406"}],"version-history":[{"count":0,"href":"https:\/\/linitiative.ca\/International\/wp-json\/wp\/v2\/posts\/144406\/revisions"}],"wp:attachment":[{"href":"https:\/\/linitiative.ca\/International\/wp-json\/wp\/v2\/media?parent=144406"}],"wp:term":[{"taxonomy":"category","embeddable":true,"href":"https:\/\/linitiative.ca\/International\/wp-json\/wp\/v2\/categories?post=144406"},{"taxonomy":"post_tag","embeddable":true,"href":"https:\/\/linitiative.ca\/International\/wp-json\/wp\/v2\/tags?post=144406"}],"curies":[{"name":"wp","href":"https:\/\/api.w.org\/{rel}","templated":true}]}}