{"id":144412,"date":"2022-03-31T09:23:00","date_gmt":"2022-03-31T13:23:00","guid":{"rendered":"https:\/\/linitiative.ca\/International\/maroc-espagne-s-m-le-roi-mohammed-vi-appelle-les-differents-ministres-et-responsables-des-deux-pays-a-mettre-en-oeuvre-des-actions-concretes\/"},"modified":"2022-03-31T09:23:00","modified_gmt":"2022-03-31T13:23:00","slug":"maroc-espagne-s-m-le-roi-mohammed-vi-appelle-les-differents-ministres-et-responsables-des-deux-pays-a-mettre-en-oeuvre-des-actions-concretes","status":"publish","type":"post","link":"https:\/\/linitiative.ca\/International\/maroc-espagne-s-m-le-roi-mohammed-vi-appelle-les-differents-ministres-et-responsables-des-deux-pays-a-mettre-en-oeuvre-des-actions-concretes\/","title":{"rendered":"Maroc-Espagne\u00a0: S.M le Roi Mohammed VI appelle les diff\u00e9rents ministres et responsables des deux pays \u00e0 mettre en \u0153uvre des actions concr\u00e8tes"},"content":{"rendered":"<div><img decoding=\"async\" width=\"800\" height=\"446\" src=\"https:\/\/linitiative.ca\/International\/wp-content\/uploads\/sites\/23\/2022\/03\/PHOT.jpg\" class=\"attachment-post-thumbnail size-post-thumbnail wp-post-image\" alt=\"\" loading=\"lazy\" srcset=\"https:\/\/linitiative.ca\/International\/wp-content\/uploads\/sites\/23\/2022\/03\/PHOT.jpg 800w, https:\/\/www.challenge.ma\/wp-content\/uploads\/2022\/03\/PHOT-300x167.jpg 300w, https:\/\/www.challenge.ma\/wp-content\/uploads\/2022\/03\/PHOT-768x428.jpg 768w, https:\/\/www.challenge.ma\/wp-content\/uploads\/2022\/03\/PHOT-360x201.jpg 360w, https:\/\/www.challenge.ma\/wp-content\/uploads\/2022\/03\/PHOT-750x418.jpg 750w\" sizes=\"auto, (max-width: 800px) 100vw, 800px\" itemprop=\"image\">SM le Roi Mohammed VI, a eu, ce jour, un entretien t\u00e9l\u00e9phonique avec le Pr\u00e9sident du Gouvernement espagnol, Pedro S\u00e1nchez, indique un communiqu\u00e9 du Cabinet royal.\u00a0 Le Souverain a soulign\u00e9 que le partenariat entre les deux pays s\u2019inscrit d\u00e9sormais dans une nouvelle \u00e9tape\u2026.\u00a0 \u00ab Au cours de cet \u00e9change, SM<\/div>\n<p>Auteur: Adama Sylla<br \/>\n<a href=\"https:\/\/www.challenge.ma\/maroc-espagne-s-m-le-roi-mohammed-vi-appelle-les-differents-ministres-et-responsables-des-deux-pays-a-mettre-en-oeuvre-des-actions-concretes-235850\/\">Cliquez ici pour lire l&rsquo;article depuis sa source.<\/a><\/p>\n","protected":false},"excerpt":{"rendered":"<p>SM le Roi Mohammed VI, a eu, ce jour, un entretien t\u00e9l\u00e9phonique avec le Pr\u00e9sident du Gouvernement espagnol, Pedro S\u00e1nchez, indique un communiqu\u00e9 du Cabinet royal.\u00a0 Le Souverain a soulign\u00e9 que le partenariat entre les deux pays s\u2019inscrit d\u00e9sormais dans une nouvelle \u00e9tape\u2026.\u00a0 \u00ab Au cours de cet \u00e9change, SM Auteur: Adama Sylla Cliquez ici [&hellip;]<\/p>\n","protected":false},"author":1787,"featured_media":0,"comment_status":"closed","ping_status":"closed","sticky":false,"template":"","format":"standard","meta":{"fifu_image_url":"https:\/\/www.challenge.ma\/wp-content\/uploads\/2022\/03\/PHOT.jpg","fifu_image_alt":"Maroc-Espagne\u00a0: S.M le Roi Mohammed VI appelle les diff\u00e9rents ministres et responsables des deux pays \u00e0 mettre en \u0153uvre des actions concr\u00e8tes","footnotes":""},"categories":[78,54],"tags":[],"class_list":["post-144412","post","type-post","status-publish","format-standard","hentry","category-economie","category-maroc"],"_links":{"self":[{"href":"https:\/\/linitiative.ca\/International\/wp-json\/wp\/v2\/posts\/144412","targetHints":{"allow":["GET"]}}],"collection":[{"href":"https:\/\/linitiative.ca\/International\/wp-json\/wp\/v2\/posts"}],"about":[{"href":"https:\/\/linitiative.ca\/International\/wp-json\/wp\/v2\/types\/post"}],"author":[{"embeddable":true,"href":"https:\/\/linitiative.ca\/International\/wp-json\/wp\/v2\/users\/1787"}],"replies":[{"embeddable":true,"href":"https:\/\/linitiative.ca\/International\/wp-json\/wp\/v2\/comments?post=144412"}],"version-history":[{"count":0,"href":"https:\/\/linitiative.ca\/International\/wp-json\/wp\/v2\/posts\/144412\/revisions"}],"wp:attachment":[{"href":"https:\/\/linitiative.ca\/International\/wp-json\/wp\/v2\/media?parent=144412"}],"wp:term":[{"taxonomy":"category","embeddable":true,"href":"https:\/\/linitiative.ca\/International\/wp-json\/wp\/v2\/categories?post=144412"},{"taxonomy":"post_tag","embeddable":true,"href":"https:\/\/linitiative.ca\/International\/wp-json\/wp\/v2\/tags?post=144412"}],"curies":[{"name":"wp","href":"https:\/\/api.w.org\/{rel}","templated":true}]}}