{"id":144414,"date":"2022-03-31T09:45:48","date_gmt":"2022-03-31T13:45:48","guid":{"rendered":"https:\/\/linitiative.ca\/International\/la-fondation-mohammed-vi-de-leducation-formation-et-akdital-signent-une-convention\/"},"modified":"2022-03-31T09:45:48","modified_gmt":"2022-03-31T13:45:48","slug":"la-fondation-mohammed-vi-de-leducation-formation-et-akdital-signent-une-convention","status":"publish","type":"post","link":"https:\/\/linitiative.ca\/International\/la-fondation-mohammed-vi-de-leducation-formation-et-akdital-signent-une-convention\/","title":{"rendered":"La Fondation Mohammed VI de l\u2019Education-Formation et Akdital signent une convention"},"content":{"rendered":"<div><img decoding=\"async\" width=\"600\" height=\"368\" src=\"https:\/\/linitiative.ca\/International\/wp-content\/uploads\/sites\/23\/2022\/03\/Picture-1-600-x-368.jpg\" class=\"attachment-post-thumbnail size-post-thumbnail wp-post-image\" alt=\"\" loading=\"lazy\" srcset=\"https:\/\/linitiative.ca\/International\/wp-content\/uploads\/sites\/23\/2022\/03\/Picture-1-600-x-368.jpg 600w, https:\/\/www.challenge.ma\/wp-content\/uploads\/2022\/03\/Picture-1-600-x-368-300x184.jpg 300w, https:\/\/www.challenge.ma\/wp-content\/uploads\/2022\/03\/Picture-1-600-x-368-360x221.jpg 360w\" sizes=\"auto, (max-width: 600px) 100vw, 600px\" itemprop=\"image\">La Fondation Mohammed VI de Promotion des \u0152uvres Sociales de l\u2019Education-Formation et le Groupe Akdital viennent fra\u00eechement de signer une convention de partenariat afin de faciliter l\u2019acc\u00e8s de la famille de l\u2019enseignement aux soins fournis dans les diff\u00e9rentes structures de sant\u00e9 d\u2019Akdital. A cet effet, une c\u00e9r\u00e9monie de signature de<\/div>\n<p>Auteur: David J\u00e9r\u00e9mie<br \/>\n<a href=\"https:\/\/www.challenge.ma\/la-fondation-mohammed-vi-de-leducation-formation-et-akdital-signent-une-convention-235845\/\">Cliquez ici pour lire l&rsquo;article depuis sa source.<\/a><\/p>\n","protected":false},"excerpt":{"rendered":"<p>La Fondation Mohammed VI de Promotion des \u0152uvres Sociales de l\u2019Education-Formation et le Groupe Akdital viennent fra\u00eechement de signer une convention de partenariat afin de faciliter l\u2019acc\u00e8s de la famille de l\u2019enseignement aux soins fournis dans les diff\u00e9rentes structures de sant\u00e9 d\u2019Akdital. A cet effet, une c\u00e9r\u00e9monie de signature de Auteur: David J\u00e9r\u00e9mie Cliquez ici [&hellip;]<\/p>\n","protected":false},"author":1787,"featured_media":0,"comment_status":"closed","ping_status":"closed","sticky":false,"template":"","format":"standard","meta":{"fifu_image_url":"https:\/\/www.challenge.ma\/wp-content\/uploads\/2022\/03\/Picture-1-600-x-368.jpg","fifu_image_alt":"La Fondation Mohammed VI de l\u2019Education-Formation et Akdital signent une convention","footnotes":""},"categories":[78,54],"tags":[],"class_list":["post-144414","post","type-post","status-publish","format-standard","hentry","category-economie","category-maroc"],"_links":{"self":[{"href":"https:\/\/linitiative.ca\/International\/wp-json\/wp\/v2\/posts\/144414","targetHints":{"allow":["GET"]}}],"collection":[{"href":"https:\/\/linitiative.ca\/International\/wp-json\/wp\/v2\/posts"}],"about":[{"href":"https:\/\/linitiative.ca\/International\/wp-json\/wp\/v2\/types\/post"}],"author":[{"embeddable":true,"href":"https:\/\/linitiative.ca\/International\/wp-json\/wp\/v2\/users\/1787"}],"replies":[{"embeddable":true,"href":"https:\/\/linitiative.ca\/International\/wp-json\/wp\/v2\/comments?post=144414"}],"version-history":[{"count":0,"href":"https:\/\/linitiative.ca\/International\/wp-json\/wp\/v2\/posts\/144414\/revisions"}],"wp:attachment":[{"href":"https:\/\/linitiative.ca\/International\/wp-json\/wp\/v2\/media?parent=144414"}],"wp:term":[{"taxonomy":"category","embeddable":true,"href":"https:\/\/linitiative.ca\/International\/wp-json\/wp\/v2\/categories?post=144414"},{"taxonomy":"post_tag","embeddable":true,"href":"https:\/\/linitiative.ca\/International\/wp-json\/wp\/v2\/tags?post=144414"}],"curies":[{"name":"wp","href":"https:\/\/api.w.org\/{rel}","templated":true}]}}