{"id":144416,"date":"2022-03-31T13:33:03","date_gmt":"2022-03-31T17:33:03","guid":{"rendered":"https:\/\/linitiative.ca\/International\/la-fondation-marocaine-de-letudiant-opere-un-repositionnement-strategique\/"},"modified":"2022-03-31T13:33:03","modified_gmt":"2022-03-31T17:33:03","slug":"la-fondation-marocaine-de-letudiant-opere-un-repositionnement-strategique","status":"publish","type":"post","link":"https:\/\/linitiative.ca\/International\/la-fondation-marocaine-de-letudiant-opere-un-repositionnement-strategique\/","title":{"rendered":"La Fondation marocaine de l\u2019\u00e9tudiant op\u00e8re un repositionnement strat\u00e9gique"},"content":{"rendered":"<div><img decoding=\"async\" width=\"1024\" height=\"683\" src=\"https:\/\/linitiative.ca\/International\/wp-content\/uploads\/sites\/23\/2022\/03\/PHOTO-2022-03-31-09-54-04.jpg\" class=\"attachment-post-thumbnail size-post-thumbnail wp-post-image\" alt=\"\" loading=\"lazy\" srcset=\"https:\/\/linitiative.ca\/International\/wp-content\/uploads\/sites\/23\/2022\/03\/PHOTO-2022-03-31-09-54-04.jpg 1024w, https:\/\/www.challenge.ma\/wp-content\/uploads\/2022\/03\/PHOTO-2022-03-31-09-54-04-300x200.jpg 300w, https:\/\/www.challenge.ma\/wp-content\/uploads\/2022\/03\/PHOTO-2022-03-31-09-54-04-768x512.jpg 768w, https:\/\/www.challenge.ma\/wp-content\/uploads\/2022\/03\/PHOTO-2022-03-31-09-54-04-360x240.jpg 360w, https:\/\/www.challenge.ma\/wp-content\/uploads\/2022\/03\/PHOTO-2022-03-31-09-54-04-750x500.jpg 750w\" sizes=\"auto, (max-width: 1024px) 100vw, 1024px\" itemprop=\"image\">La fondation marocaine de l\u2019\u00e9tudiant change de nom et devient Jadara Foundation. Le but de ce repositionnement strat\u00e9gique est de s\u2019inscrire pleinement dans les objectifs du Nouveau mod\u00e8le de d\u00e9veloppement du Maroc et aussi d\u2019\u00e9largir le spectre d\u2019intervention de la fondation. C\u2019est un tournant historique pour la Fondation marocaine de<\/div>\n<p>Auteur: Roland Amoussou<br \/>\n<a href=\"https:\/\/www.challenge.ma\/la-fondation-marocaine-de-letudiant-opere-un-repositionnement-strategique-235856\/\">Cliquez ici pour lire l&rsquo;article depuis sa source.<\/a><\/p>\n","protected":false},"excerpt":{"rendered":"<p>La fondation marocaine de l\u2019\u00e9tudiant change de nom et devient Jadara Foundation. Le but de ce repositionnement strat\u00e9gique est de s\u2019inscrire pleinement dans les objectifs du Nouveau mod\u00e8le de d\u00e9veloppement du Maroc et aussi d\u2019\u00e9largir le spectre d\u2019intervention de la fondation. C\u2019est un tournant historique pour la Fondation marocaine de Auteur: Roland Amoussou Cliquez ici [&hellip;]<\/p>\n","protected":false},"author":1787,"featured_media":0,"comment_status":"closed","ping_status":"closed","sticky":false,"template":"","format":"standard","meta":{"fifu_image_url":"https:\/\/www.challenge.ma\/wp-content\/uploads\/2022\/03\/PHOTO-2022-03-31-09-54-04.jpg","fifu_image_alt":"La Fondation marocaine de l\u2019\u00e9tudiant op\u00e8re un repositionnement strat\u00e9gique","footnotes":""},"categories":[78,54],"tags":[],"class_list":["post-144416","post","type-post","status-publish","format-standard","hentry","category-economie","category-maroc"],"_links":{"self":[{"href":"https:\/\/linitiative.ca\/International\/wp-json\/wp\/v2\/posts\/144416","targetHints":{"allow":["GET"]}}],"collection":[{"href":"https:\/\/linitiative.ca\/International\/wp-json\/wp\/v2\/posts"}],"about":[{"href":"https:\/\/linitiative.ca\/International\/wp-json\/wp\/v2\/types\/post"}],"author":[{"embeddable":true,"href":"https:\/\/linitiative.ca\/International\/wp-json\/wp\/v2\/users\/1787"}],"replies":[{"embeddable":true,"href":"https:\/\/linitiative.ca\/International\/wp-json\/wp\/v2\/comments?post=144416"}],"version-history":[{"count":0,"href":"https:\/\/linitiative.ca\/International\/wp-json\/wp\/v2\/posts\/144416\/revisions"}],"wp:attachment":[{"href":"https:\/\/linitiative.ca\/International\/wp-json\/wp\/v2\/media?parent=144416"}],"wp:term":[{"taxonomy":"category","embeddable":true,"href":"https:\/\/linitiative.ca\/International\/wp-json\/wp\/v2\/categories?post=144416"},{"taxonomy":"post_tag","embeddable":true,"href":"https:\/\/linitiative.ca\/International\/wp-json\/wp\/v2\/tags?post=144416"}],"curies":[{"name":"wp","href":"https:\/\/api.w.org\/{rel}","templated":true}]}}