{"id":144420,"date":"2022-03-31T15:31:33","date_gmt":"2022-03-31T19:31:33","guid":{"rendered":"https:\/\/linitiative.ca\/International\/tunisie-le-conseil-ministeriel-approuve-des-projets-de-decrets-presidentiels\/"},"modified":"2022-03-31T15:31:33","modified_gmt":"2022-03-31T19:31:33","slug":"tunisie-le-conseil-ministeriel-approuve-des-projets-de-decrets-presidentiels","status":"publish","type":"post","link":"https:\/\/linitiative.ca\/International\/tunisie-le-conseil-ministeriel-approuve-des-projets-de-decrets-presidentiels\/","title":{"rendered":"Tunisie : Le conseil minist\u00e9riel approuve des projets de d\u00e9crets pr\u00e9sidentiels"},"content":{"rendered":"<div>\n<p>La Cheffe du gouvernement, Mme. Najla Bouden a supervis\u00e9 le conseil minist\u00e9riel ce matin, jeudi 31 mars 2022, au Palais du gouvernement \u00e0 la Kasbah. Le Conseil des ministres a approuv\u00e9 les projets de d\u00e9crets pr\u00e9sidentiels suivants\u00a0: Projet de d\u00e9cret portant approbation d\u2019une convention relative \u00e0 la coop\u00e9ration judiciaire en mati\u00e8re p\u00e9nale, sign\u00e9e le 15 [\u2026]<\/p>\n<p>L\u2019article <a href=\"https:\/\/www.tunisienumerique.com\/tunisie-le-conseil-ministeriel-approuve-des-projets-de-decrets-presidentiels\/\">Tunisie : Le conseil minist\u00e9riel approuve des projets de d\u00e9crets pr\u00e9sidentiels<\/a> est apparu en premier sur <a href=\"https:\/\/www.tunisienumerique.com\/\">Tunisie<\/a>.<\/p>\n<\/div>\n<p>Auteur: rania ben slimane<br \/>\n<a href=\"https:\/\/www.tunisienumerique.com\/tunisie-le-conseil-ministeriel-approuve-des-projets-de-decrets-presidentiels\/\">Cliquez ici pour lire l&rsquo;article depuis sa source.<\/a><\/p>\n","protected":false},"excerpt":{"rendered":"<p>La Cheffe du gouvernement, Mme. Najla Bouden a supervis\u00e9 le conseil minist\u00e9riel ce matin, jeudi 31 mars 2022, au Palais du gouvernement \u00e0 la Kasbah. Le Conseil des ministres a approuv\u00e9 les projets de d\u00e9crets pr\u00e9sidentiels suivants\u00a0: Projet de d\u00e9cret portant approbation d\u2019une convention relative \u00e0 la coop\u00e9ration judiciaire en mati\u00e8re p\u00e9nale, sign\u00e9e le 15 [&hellip;]<\/p>\n","protected":false},"author":1789,"featured_media":0,"comment_status":"closed","ping_status":"closed","sticky":false,"template":"","format":"standard","meta":{"fifu_image_url":"","fifu_image_alt":"","footnotes":""},"categories":[73,55],"tags":[],"class_list":["post-144420","post","type-post","status-publish","format-standard","hentry","category-actualite","category-tunisie"],"_links":{"self":[{"href":"https:\/\/linitiative.ca\/International\/wp-json\/wp\/v2\/posts\/144420","targetHints":{"allow":["GET"]}}],"collection":[{"href":"https:\/\/linitiative.ca\/International\/wp-json\/wp\/v2\/posts"}],"about":[{"href":"https:\/\/linitiative.ca\/International\/wp-json\/wp\/v2\/types\/post"}],"author":[{"embeddable":true,"href":"https:\/\/linitiative.ca\/International\/wp-json\/wp\/v2\/users\/1789"}],"replies":[{"embeddable":true,"href":"https:\/\/linitiative.ca\/International\/wp-json\/wp\/v2\/comments?post=144420"}],"version-history":[{"count":0,"href":"https:\/\/linitiative.ca\/International\/wp-json\/wp\/v2\/posts\/144420\/revisions"}],"wp:attachment":[{"href":"https:\/\/linitiative.ca\/International\/wp-json\/wp\/v2\/media?parent=144420"}],"wp:term":[{"taxonomy":"category","embeddable":true,"href":"https:\/\/linitiative.ca\/International\/wp-json\/wp\/v2\/categories?post=144420"},{"taxonomy":"post_tag","embeddable":true,"href":"https:\/\/linitiative.ca\/International\/wp-json\/wp\/v2\/tags?post=144420"}],"curies":[{"name":"wp","href":"https:\/\/api.w.org\/{rel}","templated":true}]}}