{"id":144421,"date":"2022-03-31T15:43:58","date_gmt":"2022-03-31T19:43:58","guid":{"rendered":"https:\/\/linitiative.ca\/International\/tunisie-saied-rencontre-bouden\/"},"modified":"2022-03-31T15:43:58","modified_gmt":"2022-03-31T19:43:58","slug":"tunisie-saied-rencontre-bouden","status":"publish","type":"post","link":"https:\/\/linitiative.ca\/International\/tunisie-saied-rencontre-bouden\/","title":{"rendered":"Tunisie : Saied rencontre Bouden"},"content":{"rendered":"<div>\n<p>Le Pr\u00e9sident de la R\u00e9publique, Kais Saied a re\u00e7u, aujourd\u2019hui, jeudi 31 mars 2022, au Palais de Carthage, la Cheffe du gouvernement, Mme. Najla Bouden. \u00a0Au cours de cette r\u00e9union, un certain nombre de sujets li\u00e9s au fonctionnement normal des rouages \u200b\u200bde l\u2019\u00c9tat et leur p\u00e9rennit\u00e9 ont \u00e9t\u00e9 abord\u00e9s, en plus des textes juridiques d\u00e9lib\u00e9r\u00e9s [\u2026]<\/p>\n<p>L\u2019article <a href=\"https:\/\/www.tunisienumerique.com\/tunisie-saied-rencontre-bouden\/\">Tunisie : Saied rencontre Bouden<\/a> est apparu en premier sur <a href=\"https:\/\/www.tunisienumerique.com\/\">Tunisie<\/a>.<\/p>\n<\/div>\n<p>Auteur: rania ben slimane<br \/>\n<a href=\"https:\/\/www.tunisienumerique.com\/tunisie-saied-rencontre-bouden\/\">Cliquez ici pour lire l&rsquo;article depuis sa source.<\/a><\/p>\n","protected":false},"excerpt":{"rendered":"<p>Le Pr\u00e9sident de la R\u00e9publique, Kais Saied a re\u00e7u, aujourd\u2019hui, jeudi 31 mars 2022, au Palais de Carthage, la Cheffe du gouvernement, Mme. Najla Bouden. \u00a0Au cours de cette r\u00e9union, un certain nombre de sujets li\u00e9s au fonctionnement normal des rouages \u200b\u200bde l\u2019\u00c9tat et leur p\u00e9rennit\u00e9 ont \u00e9t\u00e9 abord\u00e9s, en plus des textes juridiques d\u00e9lib\u00e9r\u00e9s [&hellip;]<\/p>\n","protected":false},"author":1789,"featured_media":0,"comment_status":"closed","ping_status":"closed","sticky":false,"template":"","format":"standard","meta":{"fifu_image_url":"","fifu_image_alt":"","footnotes":""},"categories":[73,55],"tags":[],"class_list":["post-144421","post","type-post","status-publish","format-standard","hentry","category-actualite","category-tunisie"],"_links":{"self":[{"href":"https:\/\/linitiative.ca\/International\/wp-json\/wp\/v2\/posts\/144421","targetHints":{"allow":["GET"]}}],"collection":[{"href":"https:\/\/linitiative.ca\/International\/wp-json\/wp\/v2\/posts"}],"about":[{"href":"https:\/\/linitiative.ca\/International\/wp-json\/wp\/v2\/types\/post"}],"author":[{"embeddable":true,"href":"https:\/\/linitiative.ca\/International\/wp-json\/wp\/v2\/users\/1789"}],"replies":[{"embeddable":true,"href":"https:\/\/linitiative.ca\/International\/wp-json\/wp\/v2\/comments?post=144421"}],"version-history":[{"count":0,"href":"https:\/\/linitiative.ca\/International\/wp-json\/wp\/v2\/posts\/144421\/revisions"}],"wp:attachment":[{"href":"https:\/\/linitiative.ca\/International\/wp-json\/wp\/v2\/media?parent=144421"}],"wp:term":[{"taxonomy":"category","embeddable":true,"href":"https:\/\/linitiative.ca\/International\/wp-json\/wp\/v2\/categories?post=144421"},{"taxonomy":"post_tag","embeddable":true,"href":"https:\/\/linitiative.ca\/International\/wp-json\/wp\/v2\/tags?post=144421"}],"curies":[{"name":"wp","href":"https:\/\/api.w.org\/{rel}","templated":true}]}}