{"id":144427,"date":"2022-03-31T15:23:25","date_gmt":"2022-03-31T19:23:25","guid":{"rendered":"https:\/\/linitiative.ca\/International\/retards-et-absences-dans-ladministration-publique-damiba-doit-secouer-le-cocotier\/"},"modified":"2022-03-31T15:23:25","modified_gmt":"2022-03-31T19:23:25","slug":"retards-et-absences-dans-ladministration-publique-damiba-doit-secouer-le-cocotier","status":"publish","type":"post","link":"https:\/\/linitiative.ca\/International\/retards-et-absences-dans-ladministration-publique-damiba-doit-secouer-le-cocotier\/","title":{"rendered":"RETARDS ET ABSENCES DANS L\u2019ADMINISTRATION PUBLIQUE : Damiba doit secouer le cocotier"},"content":{"rendered":"<div>\n<p><img decoding=\"async\" width=\"1137\" height=\"636\" src=\"https:\/\/linitiative.ca\/International\/wp-content\/uploads\/sites\/23\/2022\/03\/lepaysresponsive-2.png\" class=\"attachment- default-featured-img\" alt=\"\" loading=\"lazy\" srcset=\"https:\/\/linitiative.ca\/International\/wp-content\/uploads\/sites\/23\/2022\/03\/lepaysresponsive-2.png 1137w, https:\/\/lepays.bf\/wp-content\/uploads\/2017\/07\/lepaysresponsive-300x168.png 300w, https:\/\/lepays.bf\/wp-content\/uploads\/2017\/07\/lepaysresponsive-768x430.png 768w, https:\/\/lepays.bf\/wp-content\/uploads\/2017\/07\/lepaysresponsive-1024x573.png 1024w\" sizes=\"auto, (max-width: 1137px) 100vw, 1137px\">Le pr\u00e9sident Paul-Henri Sandaogo Damiba, c\u2019est connu, a annonc\u00e9, au cours de sa prestation de serment, sa volont\u00e9 de lutter contre la corruption et la politisation de l\u2019Administration publique. Toute chose que bien des Burkinab\u00e8 ont appr\u00e9ci\u00e9e \u00e0 sa juste valeur surtout quand on sait [\u2026]<\/p>\n<p>L\u2019article <a rel=\"nofollow\" href=\"https:\/\/lepays.bf\/retards-et-absences-dans-ladministration-publique-damiba-doit-secouer-le-cocotier\/\">RETARDS ET ABSENCES DANS L\u2019ADMINISTRATION PUBLIQUE : Damiba doit secouer le cocotier<\/a> est apparu en premier sur <a rel=\"nofollow\" href=\"https:\/\/lepays.bf\/\">Editions Le Pays<\/a>.<\/p>\n<\/div>\n<p>Auteur: Editions LEPAYS<br \/>\n<a href=\"https:\/\/lepays.bf\/retards-et-absences-dans-ladministration-publique-damiba-doit-secouer-le-cocotier\/\">Cliquez ici pour lire l&rsquo;article depuis sa source.<\/a><\/p>\n","protected":false},"excerpt":{"rendered":"<p>Le pr\u00e9sident Paul-Henri Sandaogo Damiba, c\u2019est connu, a annonc\u00e9, au cours de sa prestation de serment, sa volont\u00e9 de lutter contre la corruption et la politisation de l\u2019Administration publique. Toute chose que bien des Burkinab\u00e8 ont appr\u00e9ci\u00e9e \u00e0 sa juste valeur surtout quand on sait [\u2026] L\u2019article RETARDS ET ABSENCES DANS L\u2019ADMINISTRATION PUBLIQUE : Damiba [&hellip;]<\/p>\n","protected":false},"author":1813,"featured_media":0,"comment_status":"closed","ping_status":"closed","sticky":false,"template":"","format":"standard","meta":{"fifu_image_url":"https:\/\/lepays.bf\/wp-content\/uploads\/2017\/07\/lepaysresponsive.png","fifu_image_alt":"RETARDS ET ABSENCES DANS L\u2019ADMINISTRATION PUBLIQUE : Damiba doit secouer le cocotier","footnotes":""},"categories":[73,81],"tags":[],"class_list":["post-144427","post","type-post","status-publish","format-standard","hentry","category-actualite","category-burkina-faso"],"_links":{"self":[{"href":"https:\/\/linitiative.ca\/International\/wp-json\/wp\/v2\/posts\/144427","targetHints":{"allow":["GET"]}}],"collection":[{"href":"https:\/\/linitiative.ca\/International\/wp-json\/wp\/v2\/posts"}],"about":[{"href":"https:\/\/linitiative.ca\/International\/wp-json\/wp\/v2\/types\/post"}],"author":[{"embeddable":true,"href":"https:\/\/linitiative.ca\/International\/wp-json\/wp\/v2\/users\/1813"}],"replies":[{"embeddable":true,"href":"https:\/\/linitiative.ca\/International\/wp-json\/wp\/v2\/comments?post=144427"}],"version-history":[{"count":0,"href":"https:\/\/linitiative.ca\/International\/wp-json\/wp\/v2\/posts\/144427\/revisions"}],"wp:attachment":[{"href":"https:\/\/linitiative.ca\/International\/wp-json\/wp\/v2\/media?parent=144427"}],"wp:term":[{"taxonomy":"category","embeddable":true,"href":"https:\/\/linitiative.ca\/International\/wp-json\/wp\/v2\/categories?post=144427"},{"taxonomy":"post_tag","embeddable":true,"href":"https:\/\/linitiative.ca\/International\/wp-json\/wp\/v2\/tags?post=144427"}],"curies":[{"name":"wp","href":"https:\/\/api.w.org\/{rel}","templated":true}]}}