{"id":144429,"date":"2022-03-31T15:27:14","date_gmt":"2022-03-31T19:27:14","guid":{"rendered":"https:\/\/linitiative.ca\/International\/destitution-du-ministre-de-leconomie-par-lassemblee-en-rdc-tshisekedi-veut-il-se-donner-bonne-conscience\/"},"modified":"2022-03-31T15:27:14","modified_gmt":"2022-03-31T19:27:14","slug":"destitution-du-ministre-de-leconomie-par-lassemblee-en-rdc-tshisekedi-veut-il-se-donner-bonne-conscience","status":"publish","type":"post","link":"https:\/\/linitiative.ca\/International\/destitution-du-ministre-de-leconomie-par-lassemblee-en-rdc-tshisekedi-veut-il-se-donner-bonne-conscience\/","title":{"rendered":"DESTITUTION DU MINISTRE DE L\u2019ECONOMIE PAR L\u2019ASSEMBLEE EN RDC : Tshisekedi veut-il se donner bonne conscience\u00a0?"},"content":{"rendered":"<div>\n<p><img decoding=\"async\" width=\"304\" height=\"166\" src=\"https:\/\/linitiative.ca\/International\/wp-content\/uploads\/sites\/23\/2022\/03\/DESTITUTION.jpg\" class=\"attachment- size- wp-post-image\" alt=\"\" loading=\"lazy\" style=\"float:left; margin:0 15px 15px 0;\" srcset=\"https:\/\/linitiative.ca\/International\/wp-content\/uploads\/sites\/23\/2022\/03\/DESTITUTION.jpg 304w, https:\/\/lepays.bf\/wp-content\/uploads\/2022\/03\/DESTITUTION-300x164.jpg 300w, https:\/\/lepays.bf\/wp-content\/uploads\/2022\/03\/DESTITUTION-150x82.jpg 150w\" sizes=\"auto, (max-width: 304px) 100vw, 304px\">L\u2019Alliance des forces d\u00e9mocratiques du Congo (AFDC) du tout-puissant pr\u00e9sident du S\u00e9nat congolais, Modeste Bahati Lukwebo, vient de prendre du plomb dans l\u2019aile avec la destitution, par l\u2019Assembl\u00e9e nationale, du ministre de l\u2019Economie, Jean-Marie Kalumba, l\u2019un de ses cadres influents. La motion de censure qui [\u2026]<\/p>\n<p>L\u2019article <a rel=\"nofollow\" href=\"https:\/\/lepays.bf\/destitution-du-ministre-de-leconomie-par-lassemblee-en-rdc-tshisekedi-veut-il-se-donner-bonne-conscience\/\">DESTITUTION DU MINISTRE DE L\u2019ECONOMIE PAR L\u2019ASSEMBLEE EN RDC : Tshisekedi veut-il se donner bonne conscience\u00a0?<\/a> est apparu en premier sur <a rel=\"nofollow\" href=\"https:\/\/lepays.bf\/\">Editions Le Pays<\/a>.<\/p>\n<\/div>\n<p>Auteur: Editions LEPAYS<br \/>\n<a href=\"https:\/\/lepays.bf\/destitution-du-ministre-de-leconomie-par-lassemblee-en-rdc-tshisekedi-veut-il-se-donner-bonne-conscience\/\">Cliquez ici pour lire l&rsquo;article depuis sa source.<\/a><\/p>\n","protected":false},"excerpt":{"rendered":"<p>L\u2019Alliance des forces d\u00e9mocratiques du Congo (AFDC) du tout-puissant pr\u00e9sident du S\u00e9nat congolais, Modeste Bahati Lukwebo, vient de prendre du plomb dans l\u2019aile avec la destitution, par l\u2019Assembl\u00e9e nationale, du ministre de l\u2019Economie, Jean-Marie Kalumba, l\u2019un de ses cadres influents. La motion de censure qui [\u2026] L\u2019article DESTITUTION DU MINISTRE DE L\u2019ECONOMIE PAR L\u2019ASSEMBLEE EN [&hellip;]<\/p>\n","protected":false},"author":1813,"featured_media":0,"comment_status":"closed","ping_status":"closed","sticky":false,"template":"","format":"standard","meta":{"fifu_image_url":"https:\/\/lepays.bf\/wp-content\/uploads\/2022\/03\/DESTITUTION.jpg","fifu_image_alt":"DESTITUTION DU MINISTRE DE L\u2019ECONOMIE PAR L\u2019ASSEMBLEE EN RDC : Tshisekedi veut-il se donner bonne conscience\u00a0?","footnotes":""},"categories":[73,81],"tags":[],"class_list":["post-144429","post","type-post","status-publish","format-standard","hentry","category-actualite","category-burkina-faso"],"_links":{"self":[{"href":"https:\/\/linitiative.ca\/International\/wp-json\/wp\/v2\/posts\/144429","targetHints":{"allow":["GET"]}}],"collection":[{"href":"https:\/\/linitiative.ca\/International\/wp-json\/wp\/v2\/posts"}],"about":[{"href":"https:\/\/linitiative.ca\/International\/wp-json\/wp\/v2\/types\/post"}],"author":[{"embeddable":true,"href":"https:\/\/linitiative.ca\/International\/wp-json\/wp\/v2\/users\/1813"}],"replies":[{"embeddable":true,"href":"https:\/\/linitiative.ca\/International\/wp-json\/wp\/v2\/comments?post=144429"}],"version-history":[{"count":0,"href":"https:\/\/linitiative.ca\/International\/wp-json\/wp\/v2\/posts\/144429\/revisions"}],"wp:attachment":[{"href":"https:\/\/linitiative.ca\/International\/wp-json\/wp\/v2\/media?parent=144429"}],"wp:term":[{"taxonomy":"category","embeddable":true,"href":"https:\/\/linitiative.ca\/International\/wp-json\/wp\/v2\/categories?post=144429"},{"taxonomy":"post_tag","embeddable":true,"href":"https:\/\/linitiative.ca\/International\/wp-json\/wp\/v2\/tags?post=144429"}],"curies":[{"name":"wp","href":"https:\/\/api.w.org\/{rel}","templated":true}]}}