{"id":144431,"date":"2022-03-31T15:30:27","date_gmt":"2022-03-31T19:30:27","guid":{"rendered":"https:\/\/linitiative.ca\/International\/reponse-des-autorites-burkinabe-aux-dirigeants-ouest-africains-que-fera-maintenant-la-cedeao\/"},"modified":"2022-03-31T15:30:27","modified_gmt":"2022-03-31T19:30:27","slug":"reponse-des-autorites-burkinabe-aux-dirigeants-ouest-africains-que-fera-maintenant-la-cedeao","status":"publish","type":"post","link":"https:\/\/linitiative.ca\/International\/reponse-des-autorites-burkinabe-aux-dirigeants-ouest-africains-que-fera-maintenant-la-cedeao\/","title":{"rendered":"REPONSE DES AUTORITES BURKINABE AUX DIRIGEANTS OUEST-AFRICAINS : Que fera maintenant la CEDEAO\u00a0?"},"content":{"rendered":"<div>\n<p><img loading=\"lazy\" decoding=\"async\" width=\"272\" height=\"185\" src=\"https:\/\/linitiative.ca\/International\/wp-content\/uploads\/sites\/23\/2022\/03\/BF-3.jpg\" class=\"attachment- size- wp-post-image\" alt=\"\" style=\"float:left; margin:0 15px 15px 0;\" srcset=\"https:\/\/linitiative.ca\/International\/wp-content\/uploads\/sites\/23\/2022\/03\/BF-3.jpg 272w, https:\/\/lepays.bf\/wp-content\/uploads\/2022\/03\/BF-3-150x102.jpg 150w, https:\/\/lepays.bf\/wp-content\/uploads\/2022\/03\/BF-3-128x86.jpg 128w\" sizes=\"auto, (max-width: 272px) 100vw, 272px\">Le 25 mars dernier, les chefs d\u2019Etat de la CEDEAO (Communaut\u00e9 \u00e9conomique des Etats de l\u2019Afrique de l\u2019Ouest) avaient \u00e9t\u00e9 fermes et sans ambigu\u00eft\u00e9 avec les militaires qui se sont accapar\u00e9 du pouvoir par la force au Mali, en Guin\u00e9e et au Burkina. Ainsi a-t-on [\u2026]<\/p>\n<p>L\u2019article <a rel=\"nofollow\" href=\"https:\/\/lepays.bf\/reponse-des-autorites-burkinabe-aux-dirigeants-ouest-africains-que-fera-maintenant-la-cedeao\/\">REPONSE DES AUTORITES BURKINABE AUX DIRIGEANTS OUEST-AFRICAINS : Que fera maintenant la CEDEAO\u00a0?<\/a> est apparu en premier sur <a rel=\"nofollow\" href=\"https:\/\/lepays.bf\/\">Editions Le Pays<\/a>.<\/p>\n<\/div>\n<p>Auteur: Editions LEPAYS<br \/>\n<a href=\"https:\/\/lepays.bf\/reponse-des-autorites-burkinabe-aux-dirigeants-ouest-africains-que-fera-maintenant-la-cedeao\/\">Cliquez ici pour lire l&rsquo;article depuis sa source.<\/a><\/p>\n","protected":false},"excerpt":{"rendered":"<p>Le 25 mars dernier, les chefs d\u2019Etat de la CEDEAO (Communaut\u00e9 \u00e9conomique des Etats de l\u2019Afrique de l\u2019Ouest) avaient \u00e9t\u00e9 fermes et sans ambigu\u00eft\u00e9 avec les militaires qui se sont accapar\u00e9 du pouvoir par la force au Mali, en Guin\u00e9e et au Burkina. Ainsi a-t-on [\u2026] L\u2019article REPONSE DES AUTORITES BURKINABE AUX DIRIGEANTS OUEST-AFRICAINS : [&hellip;]<\/p>\n","protected":false},"author":1813,"featured_media":0,"comment_status":"closed","ping_status":"closed","sticky":false,"template":"","format":"standard","meta":{"fifu_image_url":"https:\/\/lepays.bf\/wp-content\/uploads\/2022\/03\/BF-3.jpg","fifu_image_alt":"REPONSE DES AUTORITES BURKINABE AUX DIRIGEANTS OUEST-AFRICAINS : Que fera maintenant la CEDEAO\u00a0?","footnotes":""},"categories":[73,81],"tags":[],"class_list":["post-144431","post","type-post","status-publish","format-standard","hentry","category-actualite","category-burkina-faso"],"_links":{"self":[{"href":"https:\/\/linitiative.ca\/International\/wp-json\/wp\/v2\/posts\/144431","targetHints":{"allow":["GET"]}}],"collection":[{"href":"https:\/\/linitiative.ca\/International\/wp-json\/wp\/v2\/posts"}],"about":[{"href":"https:\/\/linitiative.ca\/International\/wp-json\/wp\/v2\/types\/post"}],"author":[{"embeddable":true,"href":"https:\/\/linitiative.ca\/International\/wp-json\/wp\/v2\/users\/1813"}],"replies":[{"embeddable":true,"href":"https:\/\/linitiative.ca\/International\/wp-json\/wp\/v2\/comments?post=144431"}],"version-history":[{"count":0,"href":"https:\/\/linitiative.ca\/International\/wp-json\/wp\/v2\/posts\/144431\/revisions"}],"wp:attachment":[{"href":"https:\/\/linitiative.ca\/International\/wp-json\/wp\/v2\/media?parent=144431"}],"wp:term":[{"taxonomy":"category","embeddable":true,"href":"https:\/\/linitiative.ca\/International\/wp-json\/wp\/v2\/categories?post=144431"},{"taxonomy":"post_tag","embeddable":true,"href":"https:\/\/linitiative.ca\/International\/wp-json\/wp\/v2\/tags?post=144431"}],"curies":[{"name":"wp","href":"https:\/\/api.w.org\/{rel}","templated":true}]}}