{"id":144433,"date":"2022-03-31T10:14:30","date_gmt":"2022-03-31T14:14:30","guid":{"rendered":"https:\/\/linitiative.ca\/International\/ghana-pour-relancer-son-economie-le-gouvernement-baisse-de-30-les-salaires-du-president-et-des-ministres\/"},"modified":"2022-03-31T10:14:30","modified_gmt":"2022-03-31T14:14:30","slug":"ghana-pour-relancer-son-economie-le-gouvernement-baisse-de-30-les-salaires-du-president-et-des-ministres","status":"publish","type":"post","link":"https:\/\/linitiative.ca\/International\/ghana-pour-relancer-son-economie-le-gouvernement-baisse-de-30-les-salaires-du-president-et-des-ministres\/","title":{"rendered":"Ghana\u00a0: Pour relancer son \u00e9conomie, le gouvernement baisse de 30 % les salaires du pr\u00e9sident et des ministres"},"content":{"rendered":"<div>\n<p>Le Ghana vit des difficult\u00e9s \u00e9conomiques dues \u00e0 la pand\u00e9mie du Covid-19 et exacerb\u00e9es par la guerre en Ukraine. Les prix du carburant et d\u2019autres biens ont augment\u00e9. Le pays doit combler un d\u00e9ficit public croissant de plus de 80 % du PIB. Pour relancer son \u00e9conomie, le Ghana a pris une s\u00e9rie de mesures dont la cr\u00e9ation d\u2019une taxe appel\u00e9e <em>\u00abE-Levy \u00bb,<\/em> tr\u00e8s contest\u00e9e par la population et l\u2019opposition. Le gouvernement ghan\u00e9en a aussi annonc\u00e9 la r\u00e9ouverture de ses fronti\u00e8res terrestres et maritimes, ferm\u00e9es depuis deux ans \u00e0 cause du Covid-19. Il a \u00e9galement annonc\u00e9 une baisse de 30 % des salaires du pr\u00e9sident et des ministres.<\/p>\n<p>(Source: Le monde et l\u2019AFP)<\/p>\n<p>L\u2019article <a rel=\"nofollow\" href=\"https:\/\/www.sidwaya.info\/blog\/2022\/03\/31\/ghana-pour-relancer-son-economie-le-gouvernement-baisse-de-30-les-salaires-du-president-et-des-ministres\/\">Ghana\u00a0: Pour relancer son \u00e9conomie, le gouvernement baisse de 30 % les salaires du pr\u00e9sident et des ministres<\/a> est apparu en premier sur <a rel=\"nofollow\" href=\"https:\/\/www.sidwaya.info\/\">Quotidien Sidwaya<\/a>.<\/p>\n<\/div>\n<p>Auteur: BANGRE SIDWAYA<br \/>\n<a href=\"https:\/\/www.sidwaya.info\/blog\/2022\/03\/31\/ghana-pour-relancer-son-economie-le-gouvernement-baisse-de-30-les-salaires-du-president-et-des-ministres\/?utm_source=rss&#038;utm_medium=rss&#038;utm_campaign=ghana-pour-relancer-son-economie-le-gouvernement-baisse-de-30-les-salaires-du-president-et-des-ministres\">Cliquez ici pour lire l&rsquo;article depuis sa source.<\/a><\/p>\n","protected":false},"excerpt":{"rendered":"<p>Le Ghana vit des difficult\u00e9s \u00e9conomiques dues \u00e0 la pand\u00e9mie du Covid-19 et exacerb\u00e9es par la guerre en Ukraine. Les prix du carburant et d\u2019autres biens ont augment\u00e9. Le pays doit combler un d\u00e9ficit public croissant de plus de 80 % du PIB. Pour relancer son \u00e9conomie, le Ghana a pris une s\u00e9rie de mesures [&hellip;]<\/p>\n","protected":false},"author":1816,"featured_media":0,"comment_status":"closed","ping_status":"closed","sticky":false,"template":"","format":"standard","meta":{"fifu_image_url":"","fifu_image_alt":"","footnotes":""},"categories":[73,81],"tags":[],"class_list":["post-144433","post","type-post","status-publish","format-standard","hentry","category-actualite","category-burkina-faso"],"_links":{"self":[{"href":"https:\/\/linitiative.ca\/International\/wp-json\/wp\/v2\/posts\/144433","targetHints":{"allow":["GET"]}}],"collection":[{"href":"https:\/\/linitiative.ca\/International\/wp-json\/wp\/v2\/posts"}],"about":[{"href":"https:\/\/linitiative.ca\/International\/wp-json\/wp\/v2\/types\/post"}],"author":[{"embeddable":true,"href":"https:\/\/linitiative.ca\/International\/wp-json\/wp\/v2\/users\/1816"}],"replies":[{"embeddable":true,"href":"https:\/\/linitiative.ca\/International\/wp-json\/wp\/v2\/comments?post=144433"}],"version-history":[{"count":0,"href":"https:\/\/linitiative.ca\/International\/wp-json\/wp\/v2\/posts\/144433\/revisions"}],"wp:attachment":[{"href":"https:\/\/linitiative.ca\/International\/wp-json\/wp\/v2\/media?parent=144433"}],"wp:term":[{"taxonomy":"category","embeddable":true,"href":"https:\/\/linitiative.ca\/International\/wp-json\/wp\/v2\/categories?post=144433"},{"taxonomy":"post_tag","embeddable":true,"href":"https:\/\/linitiative.ca\/International\/wp-json\/wp\/v2\/tags?post=144433"}],"curies":[{"name":"wp","href":"https:\/\/api.w.org\/{rel}","templated":true}]}}