{"id":144436,"date":"2022-03-31T11:00:29","date_gmt":"2022-03-31T15:00:29","guid":{"rendered":"https:\/\/linitiative.ca\/International\/fifa-gianni-infantino-veut-un-troisieme-mandat\/"},"modified":"2022-03-31T11:00:29","modified_gmt":"2022-03-31T15:00:29","slug":"fifa-gianni-infantino-veut-un-troisieme-mandat","status":"publish","type":"post","link":"https:\/\/linitiative.ca\/International\/fifa-gianni-infantino-veut-un-troisieme-mandat\/","title":{"rendered":"FIFA : Gianni Infantino veut un troisi\u00e8me mandat  \u00a0"},"content":{"rendered":"<div>\n<p>Le tirage au sort de la Coupe du monde 2022 aura lieu le vendredi 1<sup>er<\/sup> avril 2022 \u00e0 Doha au Qatar. Cette c\u00e9r\u00e9monie aura \u00e9galement un go\u00fbt de pr\u00e9campagne parce-que le pr\u00e9sident de la FIFA Gianni Infantino, 52 ans, va annoncer son intention de briguer un troisi\u00e8me et dernier mandat \u00e0 la t\u00eate de l\u2019organisation. R\u00e9\u00e9lu en tant que candidat unique en 2019, pour l\u2019heure Gianni Infantino n\u2019a aucun adversaire.<\/p>\n<p><strong>\u00a0(Source\u00a0: onzemondial)<\/strong><\/p>\n<p>L\u2019article <a rel=\"nofollow\" href=\"https:\/\/www.sidwaya.info\/blog\/2022\/03\/31\/fifa-gianni-infantino-veut-un-troisieme-mandat\/\">FIFA : Gianni Infantino veut un troisi\u00e8me mandat  \u00a0<\/a> est apparu en premier sur <a rel=\"nofollow\" href=\"https:\/\/www.sidwaya.info\/\">Quotidien Sidwaya<\/a>.<\/p>\n<\/div>\n<p>Auteur: BANGRE SIDWAYA<br \/>\n<a href=\"https:\/\/www.sidwaya.info\/blog\/2022\/03\/31\/fifa-gianni-infantino-veut-un-troisieme-mandat\/?utm_source=rss&#038;utm_medium=rss&#038;utm_campaign=fifa-gianni-infantino-veut-un-troisieme-mandat\">Cliquez ici pour lire l&rsquo;article depuis sa source.<\/a><\/p>\n","protected":false},"excerpt":{"rendered":"<p>Le tirage au sort de la Coupe du monde 2022 aura lieu le vendredi 1er avril 2022 \u00e0 Doha au Qatar. Cette c\u00e9r\u00e9monie aura \u00e9galement un go\u00fbt de pr\u00e9campagne parce-que le pr\u00e9sident de la FIFA Gianni Infantino, 52 ans, va annoncer son intention de briguer un troisi\u00e8me et dernier mandat \u00e0 la t\u00eate de l\u2019organisation. [&hellip;]<\/p>\n","protected":false},"author":1816,"featured_media":0,"comment_status":"closed","ping_status":"closed","sticky":false,"template":"","format":"standard","meta":{"fifu_image_url":"","fifu_image_alt":"","footnotes":""},"categories":[73,81],"tags":[],"class_list":["post-144436","post","type-post","status-publish","format-standard","hentry","category-actualite","category-burkina-faso"],"_links":{"self":[{"href":"https:\/\/linitiative.ca\/International\/wp-json\/wp\/v2\/posts\/144436","targetHints":{"allow":["GET"]}}],"collection":[{"href":"https:\/\/linitiative.ca\/International\/wp-json\/wp\/v2\/posts"}],"about":[{"href":"https:\/\/linitiative.ca\/International\/wp-json\/wp\/v2\/types\/post"}],"author":[{"embeddable":true,"href":"https:\/\/linitiative.ca\/International\/wp-json\/wp\/v2\/users\/1816"}],"replies":[{"embeddable":true,"href":"https:\/\/linitiative.ca\/International\/wp-json\/wp\/v2\/comments?post=144436"}],"version-history":[{"count":0,"href":"https:\/\/linitiative.ca\/International\/wp-json\/wp\/v2\/posts\/144436\/revisions"}],"wp:attachment":[{"href":"https:\/\/linitiative.ca\/International\/wp-json\/wp\/v2\/media?parent=144436"}],"wp:term":[{"taxonomy":"category","embeddable":true,"href":"https:\/\/linitiative.ca\/International\/wp-json\/wp\/v2\/categories?post=144436"},{"taxonomy":"post_tag","embeddable":true,"href":"https:\/\/linitiative.ca\/International\/wp-json\/wp\/v2\/tags?post=144436"}],"curies":[{"name":"wp","href":"https:\/\/api.w.org\/{rel}","templated":true}]}}