{"id":144437,"date":"2022-03-31T11:35:22","date_gmt":"2022-03-31T15:35:22","guid":{"rendered":"https:\/\/linitiative.ca\/International\/injonctions-de-la-cedeao-a-propos-de-rock-marc-christian-kabore-le-gouvernement-souhaite-son-retour-dans-une-residence-familiale\/"},"modified":"2022-03-31T11:35:22","modified_gmt":"2022-03-31T15:35:22","slug":"injonctions-de-la-cedeao-a-propos-de-rock-marc-christian-kabore-le-gouvernement-souhaite-son-retour-dans-une-residence-familiale","status":"publish","type":"post","link":"https:\/\/linitiative.ca\/International\/injonctions-de-la-cedeao-a-propos-de-rock-marc-christian-kabore-le-gouvernement-souhaite-son-retour-dans-une-residence-familiale\/","title":{"rendered":"Injonctions de la CEDEAO \u00e0 propos de Rock Marc Christian Kabor\u00e9\u00a0: Le gouvernement souhaite son retour dans une r\u00e9sidence familiale"},"content":{"rendered":"<div>\n<p>Lors de sa derni\u00e8re rencontre, la CEDEAO avait exig\u00e9 la lib\u00e9ration de l\u2019ex- pr\u00e9sident du Faso, Rock Marc Christian Kabor\u00e9, au plus tard ce jeudi 31 mars 2022.Dans ce communiqu\u00e9 qui est parvenu \u00e0 Sidwaya Internet, le gouvernement du Burkina Faso via son porte-parole, Lionel Bilgo, a fait savoir que des concertations sont en cours pour le retour de l\u2019ancien chef de l\u2019Etat dans une r\u00e9sidence familiale de son choix.<\/p>\n<p style=\"text-align: right\"><strong>La R\u00e9daction<\/strong><\/p>\n<p><strong>Lire communiqu\u00e9<\/strong><\/p>\n<p><a href=\"https:\/\/www.sidwaya.info\/wp-content\/uploads\/2022\/03\/Communique-du-gouvernement-du-31-03-2022.pdf\">Communiqu\u00e9 du gouvernement du 31 03 2022<\/a><\/p>\n<p>L\u2019article <a rel=\"nofollow\" href=\"https:\/\/www.sidwaya.info\/blog\/2022\/03\/31\/injonctions-de-la-cedeao-a-propos-de-rock-marc-christian-kabore-le-gouvernement-souhaite-son-retour-dans-une-residence-familiale\/\">Injonctions de la CEDEAO \u00e0 propos de Rock Marc Christian Kabor\u00e9\u00a0: Le gouvernement souhaite son retour dans une r\u00e9sidence familiale<\/a> est apparu en premier sur <a rel=\"nofollow\" href=\"https:\/\/www.sidwaya.info\/\">Quotidien Sidwaya<\/a>.<\/p>\n<\/div>\n<p>Auteur: Wamini SIDWAYA<br \/>\n<a href=\"https:\/\/www.sidwaya.info\/blog\/2022\/03\/31\/injonctions-de-la-cedeao-a-propos-de-rock-marc-christian-kabore-le-gouvernement-souhaite-son-retour-dans-une-residence-familiale\/?utm_source=rss&#038;utm_medium=rss&#038;utm_campaign=injonctions-de-la-cedeao-a-propos-de-rock-marc-christian-kabore-le-gouvernement-souhaite-son-retour-dans-une-residence-familiale\">Cliquez ici pour lire l&rsquo;article depuis sa source.<\/a><\/p>\n","protected":false},"excerpt":{"rendered":"<p>Lors de sa derni\u00e8re rencontre, la CEDEAO avait exig\u00e9 la lib\u00e9ration de l\u2019ex- pr\u00e9sident du Faso, Rock Marc Christian Kabor\u00e9, au plus tard ce jeudi 31 mars 2022.Dans ce communiqu\u00e9 qui est parvenu \u00e0 Sidwaya Internet, le gouvernement du Burkina Faso via son porte-parole, Lionel Bilgo, a fait savoir que des concertations sont en cours [&hellip;]<\/p>\n","protected":false},"author":1816,"featured_media":0,"comment_status":"closed","ping_status":"closed","sticky":false,"template":"","format":"standard","meta":{"fifu_image_url":"","fifu_image_alt":"","footnotes":""},"categories":[73,81],"tags":[],"class_list":["post-144437","post","type-post","status-publish","format-standard","hentry","category-actualite","category-burkina-faso"],"_links":{"self":[{"href":"https:\/\/linitiative.ca\/International\/wp-json\/wp\/v2\/posts\/144437","targetHints":{"allow":["GET"]}}],"collection":[{"href":"https:\/\/linitiative.ca\/International\/wp-json\/wp\/v2\/posts"}],"about":[{"href":"https:\/\/linitiative.ca\/International\/wp-json\/wp\/v2\/types\/post"}],"author":[{"embeddable":true,"href":"https:\/\/linitiative.ca\/International\/wp-json\/wp\/v2\/users\/1816"}],"replies":[{"embeddable":true,"href":"https:\/\/linitiative.ca\/International\/wp-json\/wp\/v2\/comments?post=144437"}],"version-history":[{"count":0,"href":"https:\/\/linitiative.ca\/International\/wp-json\/wp\/v2\/posts\/144437\/revisions"}],"wp:attachment":[{"href":"https:\/\/linitiative.ca\/International\/wp-json\/wp\/v2\/media?parent=144437"}],"wp:term":[{"taxonomy":"category","embeddable":true,"href":"https:\/\/linitiative.ca\/International\/wp-json\/wp\/v2\/categories?post=144437"},{"taxonomy":"post_tag","embeddable":true,"href":"https:\/\/linitiative.ca\/International\/wp-json\/wp\/v2\/tags?post=144437"}],"curies":[{"name":"wp","href":"https:\/\/api.w.org\/{rel}","templated":true}]}}