{"id":144438,"date":"2022-03-31T14:18:03","date_gmt":"2022-03-31T18:18:03","guid":{"rendered":"https:\/\/linitiative.ca\/International\/foot-un-ex-entraineur-de-cisse-et-belmadi-se-dit-heureux-et-triste\/"},"modified":"2022-03-31T14:18:03","modified_gmt":"2022-03-31T18:18:03","slug":"foot-un-ex-entraineur-de-cisse-et-belmadi-se-dit-heureux-et-triste","status":"publish","type":"post","link":"https:\/\/linitiative.ca\/International\/foot-un-ex-entraineur-de-cisse-et-belmadi-se-dit-heureux-et-triste\/","title":{"rendered":"Foot: un ex-entra\u00eeneur de Ciss\u00e9 et Belmadi se dit \u00abheureux et triste\u00bb"},"content":{"rendered":"<div>\n<p><img decoding=\"async\" width=\"750\" height=\"471\" src=\"https:\/\/linitiative.ca\/International\/wp-content\/uploads\/sites\/23\/2022\/03\/16487506837889.jpg\" class=\"attachment-post-thumbnail size-post-thumbnail wp-post-image\" alt=\"\" loading=\"lazy\" srcset=\"https:\/\/linitiative.ca\/International\/wp-content\/uploads\/sites\/23\/2022\/03\/16487506837889.jpg 750w, https:\/\/www.journalducameroun.com\/wp-content\/uploads\/2022\/03\/16487506837889-300x188.jpg 300w, https:\/\/www.journalducameroun.com\/wp-content\/uploads\/2022\/03\/16487506837889-701x440.jpg 701w, https:\/\/www.journalducameroun.com\/wp-content\/uploads\/2022\/03\/16487506837889-600x377.jpg 600w\" sizes=\"auto, (max-width: 750px) 100vw, 750px\"><\/p>\n<p>Les s\u00e9lectionneurs s\u00e9n\u00e9galais et alg\u00e9rien ont connu des fortunes diverses dans les barrages de la Coupe du monde Qatar 2022.Aliou Ciss\u00e9 et Djamel Belmadi, respectivement s\u00e9lectionneurs du S\u00e9n\u00e9gal et de l&rsquo;Alg\u00e9rie, ont \u00e9t\u00e9 entra\u00een\u00e9s durant leur carri\u00e8re de joueur au Paris Saint-Germain (France) par Luis Fernandes. Cependant, les deux ex-co\u00e9quipiers ne connaissent pas la m\u00eame r\u00e9ussite avec leurs \u00e9quipes nationales depuis quelques temps.<\/p>\n<p>Apr\u00e8s avoir soulev\u00e9 la premi\u00e8re Coupe d&rsquo;Afrique des nations (Can) du S\u00e9n\u00e9gal en f\u00e9vrier dernier au Cameroun, Aliou Ciss\u00e9 a r\u00e9ussi \u00e0 qualifier sa s\u00e9lection, mardi dernier lors des barrages retour de la Coupe du monde, face aux Pharaons d&rsquo;Egypte pour la deuxi\u00e8me fois d&rsquo;affil\u00e9e. Djamel Belmadi n&rsquo;a toutefois pas connu le m\u00eame bilan.<\/p>\n<p>Elimin\u00e9e au premier tour lors de la derni\u00e8re CAN, l&rsquo;Alg\u00e9rie n&rsquo;a pas su pr\u00e9server le bon r\u00e9sultat obtenu au Cameroun (0-1) lors du match de barrage aller. Les Fennecs ont \u00e9t\u00e9 domin\u00e9s \u00e0 Alger (1-2) par les Lions indomptables qui se qualifient du coup au Mondial qatari.<\/p>\n<p>Devant ce bilan contrast\u00e9 de ces anciens poulains, l&rsquo;ex-international fran\u00e7ais a fait part de son sentiment sur sa page Twitter. \u00ab\u00a0Je suis \u00e0 la fois heureux et triste pour mes deux anciens joueurs, Aliou Ciss\u00e9 et Djamel Belmadi. Ils m\u00e9ritaient d&rsquo;aller ensemble \u00e0 la Coupe du monde mais le foot est parfois cruel. Force \u00e0 toi Djamel, quant \u00e0 Aliou je serai avec toi et tout le peuple s\u00e9n\u00e9galais \u00bb, a d\u00e9clar\u00e9 Luis Fernandes.<\/p>\n<p>Outre le S\u00e9n\u00e9gal et le Cameroun, les trois autres \u00e9quipes africaines qualifi\u00e9es \u00e0 la phase finale de la Coupe du monde 2022 sont la Tunisie, le Ghana et le Maroc. Le tirage au sort des poules est pr\u00e9vu demain vendredi.<\/p>\n<p>Cet article <a rel=\"nofollow\" href=\"https:\/\/www.journalducameroun.com\/foot-un-ex-entraineur-de-cisse-et-belmadi-se-dit-heureux-et-triste\/\">Foot: un ex-entra\u00eeneur de Ciss\u00e9 et Belmadi se dit \u00abheureux et triste\u00bb<\/a> est apparu en premier sur <a rel=\"nofollow\" href=\"https:\/\/www.journalducameroun.com\/\">Journal du Cameroun<\/a>.<\/p>\n<\/div>\n<p>Auteur: APA News<br \/>\n<a href=\"https:\/\/www.journalducameroun.com\/foot-un-ex-entraineur-de-cisse-et-belmadi-se-dit-heureux-et-triste\/\">Cliquez ici pour lire l&rsquo;article depuis sa source.<\/a><\/p>\n","protected":false},"excerpt":{"rendered":"<p>Les s\u00e9lectionneurs s\u00e9n\u00e9galais et alg\u00e9rien ont connu des fortunes diverses dans les barrages de la Coupe du monde Qatar 2022.Aliou Ciss\u00e9 et Djamel Belmadi, respectivement s\u00e9lectionneurs du S\u00e9n\u00e9gal et de l&rsquo;Alg\u00e9rie, ont \u00e9t\u00e9 entra\u00een\u00e9s durant leur carri\u00e8re de joueur au Paris Saint-Germain (France) par Luis Fernandes. Cependant, les deux ex-co\u00e9quipiers ne connaissent pas la m\u00eame [&hellip;]<\/p>\n","protected":false},"author":1965,"featured_media":0,"comment_status":"closed","ping_status":"closed","sticky":false,"template":"","format":"standard","meta":{"fifu_image_url":"https:\/\/www.journalducameroun.com\/wp-content\/uploads\/2022\/03\/16487506837889.jpg","fifu_image_alt":"Foot: un ex-entra\u00eeneur de Ciss\u00e9 et Belmadi se dit \u00abheureux et triste\u00bb","footnotes":""},"categories":[73,82],"tags":[],"class_list":["post-144438","post","type-post","status-publish","format-standard","hentry","category-actualite","category-cameroun"],"_links":{"self":[{"href":"https:\/\/linitiative.ca\/International\/wp-json\/wp\/v2\/posts\/144438","targetHints":{"allow":["GET"]}}],"collection":[{"href":"https:\/\/linitiative.ca\/International\/wp-json\/wp\/v2\/posts"}],"about":[{"href":"https:\/\/linitiative.ca\/International\/wp-json\/wp\/v2\/types\/post"}],"author":[{"embeddable":true,"href":"https:\/\/linitiative.ca\/International\/wp-json\/wp\/v2\/users\/1965"}],"replies":[{"embeddable":true,"href":"https:\/\/linitiative.ca\/International\/wp-json\/wp\/v2\/comments?post=144438"}],"version-history":[{"count":0,"href":"https:\/\/linitiative.ca\/International\/wp-json\/wp\/v2\/posts\/144438\/revisions"}],"wp:attachment":[{"href":"https:\/\/linitiative.ca\/International\/wp-json\/wp\/v2\/media?parent=144438"}],"wp:term":[{"taxonomy":"category","embeddable":true,"href":"https:\/\/linitiative.ca\/International\/wp-json\/wp\/v2\/categories?post=144438"},{"taxonomy":"post_tag","embeddable":true,"href":"https:\/\/linitiative.ca\/International\/wp-json\/wp\/v2\/tags?post=144438"}],"curies":[{"name":"wp","href":"https:\/\/api.w.org\/{rel}","templated":true}]}}