{"id":144440,"date":"2022-03-31T16:18:03","date_gmt":"2022-03-31T20:18:03","guid":{"rendered":"https:\/\/linitiative.ca\/International\/tchad-une-figure-du-fact-se-rallie-a-mahamat-idriss-deby\/"},"modified":"2022-03-31T16:18:03","modified_gmt":"2022-03-31T20:18:03","slug":"tchad-une-figure-du-fact-se-rallie-a-mahamat-idriss-deby","status":"publish","type":"post","link":"https:\/\/linitiative.ca\/International\/tchad-une-figure-du-fact-se-rallie-a-mahamat-idriss-deby\/","title":{"rendered":"Tchad : une figure du Fact se rallie \u00e0 Mahamat Idriss Deby"},"content":{"rendered":"<div>\n<p><img decoding=\"async\" width=\"660\" height=\"398\" src=\"https:\/\/linitiative.ca\/International\/wp-content\/uploads\/sites\/23\/2022\/03\/16487578832158.jpg\" class=\"attachment-post-thumbnail size-post-thumbnail wp-post-image\" alt=\"\" loading=\"lazy\" srcset=\"https:\/\/linitiative.ca\/International\/wp-content\/uploads\/sites\/23\/2022\/03\/16487578832158.jpg 660w, https:\/\/www.journalducameroun.com\/wp-content\/uploads\/2022\/03\/16487578832158-300x181.jpg 300w, https:\/\/www.journalducameroun.com\/wp-content\/uploads\/2022\/03\/16487578832158-600x362.jpg 600w\" sizes=\"auto, (max-width: 660px) 100vw, 660px\"><\/p>\n<p>C&rsquo;est un ralliement peu ordinaire qui fait grand bruit \u00e0 N&rsquo;DjamenaLe chef d&rsquo;\u00e9tat-major adjoint des rebelles du Front pour l&rsquo;alternance et la concorde au Tchad (Fact) Nigue Kross (59 ans) a ralli\u00e9 le Conseil militaire de transition (CMT) dirig\u00e9 par Mahamat Idriss Deby.<\/p>\n<p>Cette figure marquante de la r\u00e9bellion tchadienne depuis plusieurs d\u00e9cennies, rejoint le nouvel homme fort de N&rsquo;Djamena, Mahamat Idriss Deby. Selon des sources militaires, Nigue Kross avait men\u00e9 l&rsquo;offensive du Fact le 11 avril 2021 depuis la Libye, qui avait d\u00e9bouch\u00e9 dix jours plus tard, \u00e0 la mort de l&rsquo;ancien pr\u00e9sident tchadien Idriss Deby Itno, le 21 avril 2021.<\/p>\n<p>Ce vieux routier de la r\u00e9bellion a livr\u00e9 plusieurs batailles contre le pouvoir tchadien. Et l&rsquo;un de ses faits d&rsquo;armes a \u00e9t\u00e9 son intervention d\u00e9cisive qui avait sauv\u00e9 la vie \u00a0\u00e0 Mahamat Mahdi Ali, le chef du Fact, d&rsquo;une capture de l&rsquo;arm\u00e9e tchadienne lors des violents combats d&rsquo;avril 2021.<\/p>\n<p>Par la suite, Nigue Kross va prendre du galon au sein du mouvement politico-militaire du Fact, o\u00f9 il passe de chef d&rsquo;\u00e9tat-major adjoint \u00e0 chef d&rsquo;\u00e9tat-major par int\u00e9rim apr\u00e8s la mort au front de son sup\u00e9rieur imm\u00e9diat, Mahamat Oumar Choukou.<\/p>\n<p>Pass\u00e9 par l&rsquo;arm\u00e9e tchadienne, il a int\u00e9gr\u00e9 tour \u00e0 tour plusieurs groupes rebelles comme le Frolinat en 1979 avant d&rsquo;atterrir \u00e0 l&rsquo;Union des forces pour la d\u00e9mocratie et le d\u00e9veloppement (UFDD) de Mahamat Nouri, ancien ministre de la D\u00e9fense d&rsquo;Idriss Deby. Mais le mouvement va se fissurer donnant naissance au Fact de Mahamat Mahdi Ali en avril 2016.<\/p>\n<p>Tr\u00e8s vite des dissensions entra\u00eenent son d\u00e9part au sein du groupe rebelle compos\u00e9 des officiers dissidents et des combattants de l&rsquo;ethnie gorane, \u00e0 laquelle appartient l&rsquo;ancien pr\u00e9sident tchadien Hiss\u00e8ne Habr\u00e9 d\u00e9c\u00e9d\u00e9 en exil \u00e0 Dakar le 24 ao\u00fbt 2021.<\/p>\n<p>Apr\u00e8s l&rsquo;offensive rat\u00e9e des Fact aux portes du Kanem en mai dernier, Nigue Kross d\u00e9cide de prendre ses distances avec Mahamat Mahdi Ali, avec qui, les relations se seraient fortement d\u00e9grad\u00e9es. Il justifie son choix de rejoindre le Conseil militaire de transition par \u00ab l&rsquo;appel au dialogue de la junte tchadienne \u00bb. Avant lui, une vingtaine d&rsquo;ex-rebelles de l&rsquo;Union des forces et de la r\u00e9sistance (UFR) s&rsquo;\u00e9taient ralli\u00e9s en septembre dernier au r\u00e9gime de la transition.<\/p>\n<p>Cet article <a rel=\"nofollow\" href=\"https:\/\/www.journalducameroun.com\/tchad-une-figure-du-fact-se-rallie-a-mahamat-idriss-deby\/\">Tchad : une figure du Fact se rallie \u00e0 Mahamat Idriss Deby<\/a> est apparu en premier sur <a rel=\"nofollow\" href=\"https:\/\/www.journalducameroun.com\/\">Journal du Cameroun<\/a>.<\/p>\n<\/div>\n<p>Auteur: APA News<br \/>\n<a href=\"https:\/\/www.journalducameroun.com\/tchad-une-figure-du-fact-se-rallie-a-mahamat-idriss-deby\/\">Cliquez ici pour lire l&rsquo;article depuis sa source.<\/a><\/p>\n","protected":false},"excerpt":{"rendered":"<p>C&rsquo;est un ralliement peu ordinaire qui fait grand bruit \u00e0 N&rsquo;DjamenaLe chef d&rsquo;\u00e9tat-major adjoint des rebelles du Front pour l&rsquo;alternance et la concorde au Tchad (Fact) Nigue Kross (59 ans) a ralli\u00e9 le Conseil militaire de transition (CMT) dirig\u00e9 par Mahamat Idriss Deby. Cette figure marquante de la r\u00e9bellion tchadienne depuis plusieurs d\u00e9cennies, rejoint le [&hellip;]<\/p>\n","protected":false},"author":1965,"featured_media":0,"comment_status":"closed","ping_status":"closed","sticky":false,"template":"","format":"standard","meta":{"fifu_image_url":"https:\/\/www.journalducameroun.com\/wp-content\/uploads\/2022\/03\/16487578832158.jpg","fifu_image_alt":"Tchad : une figure du Fact se rallie \u00e0 Mahamat Idriss Deby","footnotes":""},"categories":[73,82],"tags":[],"class_list":["post-144440","post","type-post","status-publish","format-standard","hentry","category-actualite","category-cameroun"],"_links":{"self":[{"href":"https:\/\/linitiative.ca\/International\/wp-json\/wp\/v2\/posts\/144440","targetHints":{"allow":["GET"]}}],"collection":[{"href":"https:\/\/linitiative.ca\/International\/wp-json\/wp\/v2\/posts"}],"about":[{"href":"https:\/\/linitiative.ca\/International\/wp-json\/wp\/v2\/types\/post"}],"author":[{"embeddable":true,"href":"https:\/\/linitiative.ca\/International\/wp-json\/wp\/v2\/users\/1965"}],"replies":[{"embeddable":true,"href":"https:\/\/linitiative.ca\/International\/wp-json\/wp\/v2\/comments?post=144440"}],"version-history":[{"count":0,"href":"https:\/\/linitiative.ca\/International\/wp-json\/wp\/v2\/posts\/144440\/revisions"}],"wp:attachment":[{"href":"https:\/\/linitiative.ca\/International\/wp-json\/wp\/v2\/media?parent=144440"}],"wp:term":[{"taxonomy":"category","embeddable":true,"href":"https:\/\/linitiative.ca\/International\/wp-json\/wp\/v2\/categories?post=144440"},{"taxonomy":"post_tag","embeddable":true,"href":"https:\/\/linitiative.ca\/International\/wp-json\/wp\/v2\/tags?post=144440"}],"curies":[{"name":"wp","href":"https:\/\/api.w.org\/{rel}","templated":true}]}}