{"id":144442,"date":"2022-03-31T16:18:04","date_gmt":"2022-03-31T20:18:04","guid":{"rendered":"https:\/\/linitiative.ca\/International\/cote-divoire-le-prix-du-cacao-maintenu-a-825-fcfa-kg\/"},"modified":"2022-03-31T16:18:04","modified_gmt":"2022-03-31T20:18:04","slug":"cote-divoire-le-prix-du-cacao-maintenu-a-825-fcfa-kg","status":"publish","type":"post","link":"https:\/\/linitiative.ca\/International\/cote-divoire-le-prix-du-cacao-maintenu-a-825-fcfa-kg\/","title":{"rendered":"C\u00f4te d\u2019Ivoire: le prix du cacao maintenu \u00e0 825 Fcfa\/kg"},"content":{"rendered":"<div>\n<p><img decoding=\"async\" width=\"2560\" height=\"1707\" src=\"https:\/\/linitiative.ca\/International\/wp-content\/uploads\/sites\/23\/2022\/03\/16487578846831.jpg\" class=\"attachment-post-thumbnail size-post-thumbnail wp-post-image\" alt=\"\" loading=\"lazy\"><\/p>\n<p>L&rsquo;ann\u00e9e derni\u00e8re, le kilogramme du cacao \u00e9tait vendu \u00e0 750 FCFA.Le kilogramme du cacao ivoirien sera vendu \u00e0 825 FCFA pour la campagne interm\u00e9diaire pr\u00e9vue du 1er avril \u00e0 septembre 2022. L&rsquo;annonce a \u00e9t\u00e9 faite, ce jeudi \u00e0 Abidjan, par le ministre d&rsquo;Etat, ministre de l&rsquo;Agriculture et du D\u00e9veloppement durable.<\/p>\n<p>\u00ab\u00a0Le prix du cacao pour la campagne interm\u00e9diaire 2021-2022 est fix\u00e9 \u00e0 825 FCFA par Kg comme pour la campagne principale\u00a0\u00bb, a d\u00e9clar\u00e9 le ministre Adjoumani Kouassi, soulignant une augmentation de 10% par rapport \u00e0 la campagne pr\u00e9c\u00e9dente.<\/p>\n<p>En C\u00f4te d&rsquo;Ivoire, le prix de la campagne interm\u00e9diaire a \u00e9t\u00e9 toujours en de\u00e7\u00e0 de celui de la campagne principale.<\/p>\n<p>Le porte-parole des producteurs, Moussa Kon\u00e9, a soutenu que cette nouvelle indexation est \u00ab\u00a0une premi\u00e8re dans la commercialisation du caf\u00e9-cacao\u00a0\u00bb car tout le monde s&rsquo;attendait \u00e0 750 FCFA\/kg, mais qu&rsquo;\u00e0 la surprise g\u00e9n\u00e9rale, le chef de l&rsquo;Etat, Alassane Ouattara, a reconduit le prix de la campagne principale.<\/p>\n<p>C&rsquo;est pourquoi, \u00ab\u00a0cette ann\u00e9e, il n&rsquo;y a pas de campagne interm\u00e9diaire, c&rsquo;est la grande campagne qui continue\u00a0\u00bb, a-t-il lanc\u00e9, annon\u00e7ant au nom de tous les producteurs ivoiriens \u00ab\u00a0une journ\u00e9e d&rsquo;hommage\u00a0\u00bb au pr\u00e9sident de la R\u00e9publique.<\/p>\n<p>La C\u00f4te d&rsquo;Ivoire est le premier producteur mondial de cacao qui est sa premi\u00e8re culture d&rsquo;exportation. Les 70% de la consommation de cacao de l&rsquo;Union europ\u00e9enne proviennent de ce pays de l&rsquo;Afrique de l&rsquo;Ouest.<\/p>\n<p>Cet article <a rel=\"nofollow\" href=\"https:\/\/www.journalducameroun.com\/cote-divoire-le-prix-du-cacao-maintenu-a-825-fcfa-kg\/\">C\u00f4te d\u2019Ivoire: le prix du cacao maintenu \u00e0 825 Fcfa\/kg<\/a> est apparu en premier sur <a rel=\"nofollow\" href=\"https:\/\/www.journalducameroun.com\/\">Journal du Cameroun<\/a>.<\/p>\n<\/div>\n<p>Auteur: APA News<br \/>\n<a href=\"https:\/\/www.journalducameroun.com\/cote-divoire-le-prix-du-cacao-maintenu-a-825-fcfa-kg\/\">Cliquez ici pour lire l&rsquo;article depuis sa source.<\/a><\/p>\n","protected":false},"excerpt":{"rendered":"<p>L&rsquo;ann\u00e9e derni\u00e8re, le kilogramme du cacao \u00e9tait vendu \u00e0 750 FCFA.Le kilogramme du cacao ivoirien sera vendu \u00e0 825 FCFA pour la campagne interm\u00e9diaire pr\u00e9vue du 1er avril \u00e0 septembre 2022. L&rsquo;annonce a \u00e9t\u00e9 faite, ce jeudi \u00e0 Abidjan, par le ministre d&rsquo;Etat, ministre de l&rsquo;Agriculture et du D\u00e9veloppement durable. \u00ab\u00a0Le prix du cacao pour [&hellip;]<\/p>\n","protected":false},"author":1965,"featured_media":0,"comment_status":"closed","ping_status":"closed","sticky":false,"template":"","format":"standard","meta":{"fifu_image_url":"https:\/\/www.journalducameroun.com\/wp-content\/uploads\/2022\/03\/16487578846831.jpg","fifu_image_alt":"C\u00f4te d\u2019Ivoire: le prix du cacao maintenu \u00e0 825 Fcfa\/kg","footnotes":""},"categories":[73,82],"tags":[],"class_list":["post-144442","post","type-post","status-publish","format-standard","hentry","category-actualite","category-cameroun"],"_links":{"self":[{"href":"https:\/\/linitiative.ca\/International\/wp-json\/wp\/v2\/posts\/144442","targetHints":{"allow":["GET"]}}],"collection":[{"href":"https:\/\/linitiative.ca\/International\/wp-json\/wp\/v2\/posts"}],"about":[{"href":"https:\/\/linitiative.ca\/International\/wp-json\/wp\/v2\/types\/post"}],"author":[{"embeddable":true,"href":"https:\/\/linitiative.ca\/International\/wp-json\/wp\/v2\/users\/1965"}],"replies":[{"embeddable":true,"href":"https:\/\/linitiative.ca\/International\/wp-json\/wp\/v2\/comments?post=144442"}],"version-history":[{"count":0,"href":"https:\/\/linitiative.ca\/International\/wp-json\/wp\/v2\/posts\/144442\/revisions"}],"wp:attachment":[{"href":"https:\/\/linitiative.ca\/International\/wp-json\/wp\/v2\/media?parent=144442"}],"wp:term":[{"taxonomy":"category","embeddable":true,"href":"https:\/\/linitiative.ca\/International\/wp-json\/wp\/v2\/categories?post=144442"},{"taxonomy":"post_tag","embeddable":true,"href":"https:\/\/linitiative.ca\/International\/wp-json\/wp\/v2\/tags?post=144442"}],"curies":[{"name":"wp","href":"https:\/\/api.w.org\/{rel}","templated":true}]}}