{"id":144449,"date":"2022-03-31T09:12:47","date_gmt":"2022-03-31T13:12:47","guid":{"rendered":"https:\/\/linitiative.ca\/International\/energie-electrique-le-gouvernement-envisage-de-nouvelles-mesures-pour-reduire-le-deficit-dans-le-rin\/"},"modified":"2022-03-31T09:12:47","modified_gmt":"2022-03-31T13:12:47","slug":"energie-electrique-le-gouvernement-envisage-de-nouvelles-mesures-pour-reduire-le-deficit-dans-le-rin","status":"publish","type":"post","link":"https:\/\/linitiative.ca\/International\/energie-electrique-le-gouvernement-envisage-de-nouvelles-mesures-pour-reduire-le-deficit-dans-le-rin\/","title":{"rendered":"Energie \u00e9lectrique\u00a0: le gouvernement envisage de nouvelles mesures pour r\u00e9duire le d\u00e9ficit dans le RIN"},"content":{"rendered":"<div>\n<p>Le ministre de l\u2019Eau et del\u2019\u00e9nergie(Minee), Gaston Eloundou Essomba \u00e9tait devant les parlementaires de l\u2019Assembl\u00e9e nationale r\u00e9unis en session du mois de mars, le vendredi 25 mars 2022. En effet le membre du gouvernement s\u2019expliquait sur le retour des d\u00e9lestages apr\u00e8s la CAN et les solutions envisag\u00e9es pour r\u00e9sorber le d\u00e9ficit dans la fourniture en \u00e9lectricit\u00e9.<\/p>\n<p><strong>Lire aussi : <a href=\"https:\/\/ecomatin.net\/energie-electrique-la-centrale-de-guider-r-injecte-deja-10-de-sa-production-previsionnelle-le-rin\/\" target=\"_blank\" rel=\"noreferrer noopener\">Energie \u00e9lectrique : la centrale de Guider injecte d\u00e9j\u00e0 10% de sa production pr\u00e9visionnelle dans le RIN<\/a><\/strong><\/p>\n<p>Les mesures \u00e0 d\u00e9ployer par le gouvernement dans les prochains jours, concernent non seulement le R\u00e9seau interconnect\u00e9 Sud (RIS), mais aussi le R\u00e9seau interconnect\u00e9 Nord (RIN). Pour le cas sp\u00e9cifique du RIN, Gaston Eloundou Essomba annonce qu\u2019 \u00ab en dehors de Guider, le gouvernement projette le transfert de la centrale d\u2019Ahala vers Garoua et Ngaound\u00e9r\u00e9 (20 MW), l\u2019installation d\u2019ici la premi\u00e8re semaine du mois de mai 2022 de deux nouvelles centrales thermiques de 10 MW \u00e0 Maroua et 5 MW \u00e0 Kouss\u00e9ri, la construction de grandes centrales solaires dans les villes de Ngaound\u00e9r\u00e9, Garoua, Maroua et Guider (120 MW)\u00bb, L\u2019ensemble de ces mesures viendra ainsi rejoindre celles d\u00e9j\u00e0 op\u00e9rationnelles pour r\u00e9pondre \u00e0 la demande des trois r\u00e9gions septentrionales (Maroua, Ngaound\u00e9r\u00e9 et Garoua), qui p\u00e2tissent de la mauvaise hydrologie du fleuve B\u00e9nou\u00e9, et qui a un impact sur les capacit\u00e9s du barrage de Lagdo construit sur ce fleuve. De ce fait, l\u2019on a notamment la mise en service d\u2019une nouvelle centrale thermique dans la ville de Guider le 23 mars dernier, le transfert de 24 MW de la centrale d\u2019Ahala affect\u00e9s au RIN, l\u2019approvisionnement en fuel des centrales thermiques, etc.<\/p>\n<p><strong>Lire aussi : <a href=\"https:\/\/ecomatin.net\/energie-electrique-les-chantiers-deneo-pour-stabiliser-le-reseau-interconnecte-nord-en-2022\/\" target=\"_blank\" rel=\"noreferrer noopener\">Energie \u00e9lectrique : les chantiers d\u2019Eneo pour stabiliser le r\u00e9seau interconnect\u00e9 Nord en 2022<\/a><\/strong><\/p>\n<p>Le gouvernement n\u2019est pas le seul concern\u00e9 dans cette probl\u00e9matique visant \u00e0 r\u00e9sorber le d\u00e9ficit en \u00e9nergie dans cette r\u00e9gion. De concert avec le concessionnaire du service public en charge de la distribution de l\u2019\u00e9nergie \u00e9lectrique au Cameroun, Energy of Cameroon (Eneo), l\u2019on note entre autres actions, la construction de deux centrales solaire-thermiques \u00e0 Guider (Nord) et \u00e0 Maroua (Extr\u00eame-nord), d\u2019une capacit\u00e9 de 15MW chacune. A date trois mois apr\u00e8s le lancement des travaux de construction de celles-ci la centrale de Guider injecte d\u00e9j\u00e0 dans le RIN 1,5 MW sur les 15 attendus, soit 10% de sa production.<\/p>\n<p><strong>Lire aussi : <a href=\"https:\/\/ecomatin.net\/energie-electrique-vers-un-retour-a-la-stabilite-sur-le-reseau-interconnecte-nord\/\" target=\"_blank\" rel=\"noreferrer noopener\">Energie \u00e9lectrique : vers un retour \u00e0 la stabilit\u00e9 sur le R\u00e9seau Interconnect\u00e9 Nord<\/a><\/strong><\/p>\n<p>Par ailleurs Eneo dans une note d\u2019information rendue publique le 23 mars dernier, annonce que cette capacit\u00e9 devrait \u00eatre revue \u00e0 la hausse d\u00e8s le mois d\u2019avril prochain, et passera \u00e0 6,5MW. Par ailleurs indiquons qu\u2019en ce qui concerne le RIS, il est envisag\u00e9 un projet de construction d\u2019un barrage r\u00e9servoir sur le fleuve Ntem.<\/p>\n<p>L\u2019article <a rel=\"nofollow\" href=\"https:\/\/ecomatin.net\/energie-electrique-le-gouvernement-envisage-de-nouvelles-s-mesures-pour-reduire-le-deficit-dans-le-rin\/\">Energie \u00e9lectrique\u00a0: le gouvernement envisage de nouvelles mesures pour r\u00e9duire le d\u00e9ficit dans le RIN<\/a> est apparu en premier sur <a rel=\"nofollow\" href=\"https:\/\/ecomatin.net\/\">EcoMatin<\/a>.<\/p>\n<\/div>\n<p>Auteur: Cindy MBALA<br \/>\n<a href=\"https:\/\/ecomatin.net\/energie-electrique-le-gouvernement-envisage-de-nouvelles-s-mesures-pour-reduire-le-deficit-dans-le-rin\/\">Cliquez ici pour lire l&rsquo;article depuis sa source.<\/a><\/p>\n","protected":false},"excerpt":{"rendered":"<p>Le ministre de l\u2019Eau et del\u2019\u00e9nergie(Minee), Gaston Eloundou Essomba \u00e9tait devant les parlementaires de l\u2019Assembl\u00e9e nationale r\u00e9unis en session du mois de mars, le vendredi 25 mars 2022. En effet le membre du gouvernement s\u2019expliquait sur le retour des d\u00e9lestages apr\u00e8s la CAN et les solutions envisag\u00e9es pour r\u00e9sorber le d\u00e9ficit dans la fourniture en [&hellip;]<\/p>\n","protected":false},"author":1969,"featured_media":0,"comment_status":"closed","ping_status":"closed","sticky":false,"template":"","format":"standard","meta":{"fifu_image_url":"","fifu_image_alt":"","footnotes":""},"categories":[82,78],"tags":[],"class_list":["post-144449","post","type-post","status-publish","format-standard","hentry","category-cameroun","category-economie"],"_links":{"self":[{"href":"https:\/\/linitiative.ca\/International\/wp-json\/wp\/v2\/posts\/144449","targetHints":{"allow":["GET"]}}],"collection":[{"href":"https:\/\/linitiative.ca\/International\/wp-json\/wp\/v2\/posts"}],"about":[{"href":"https:\/\/linitiative.ca\/International\/wp-json\/wp\/v2\/types\/post"}],"author":[{"embeddable":true,"href":"https:\/\/linitiative.ca\/International\/wp-json\/wp\/v2\/users\/1969"}],"replies":[{"embeddable":true,"href":"https:\/\/linitiative.ca\/International\/wp-json\/wp\/v2\/comments?post=144449"}],"version-history":[{"count":0,"href":"https:\/\/linitiative.ca\/International\/wp-json\/wp\/v2\/posts\/144449\/revisions"}],"wp:attachment":[{"href":"https:\/\/linitiative.ca\/International\/wp-json\/wp\/v2\/media?parent=144449"}],"wp:term":[{"taxonomy":"category","embeddable":true,"href":"https:\/\/linitiative.ca\/International\/wp-json\/wp\/v2\/categories?post=144449"},{"taxonomy":"post_tag","embeddable":true,"href":"https:\/\/linitiative.ca\/International\/wp-json\/wp\/v2\/tags?post=144449"}],"curies":[{"name":"wp","href":"https:\/\/api.w.org\/{rel}","templated":true}]}}