{"id":144450,"date":"2022-03-31T10:07:22","date_gmt":"2022-03-31T14:07:22","guid":{"rendered":"https:\/\/linitiative.ca\/International\/le-port-de-kribi-sollicite-lexpertise-de-litalien-prodevelop-sl-pour-la-mise-a-jour-de-son-systeme-dinformation\/"},"modified":"2022-03-31T10:07:22","modified_gmt":"2022-03-31T14:07:22","slug":"le-port-de-kribi-sollicite-lexpertise-de-litalien-prodevelop-sl-pour-la-mise-a-jour-de-son-systeme-dinformation","status":"publish","type":"post","link":"https:\/\/linitiative.ca\/International\/le-port-de-kribi-sollicite-lexpertise-de-litalien-prodevelop-sl-pour-la-mise-a-jour-de-son-systeme-dinformation\/","title":{"rendered":"Le Port de Kribi sollicite l\u2019expertise de l\u2019Italien Prodevelop SL pour la mise \u00e0 jour de son syst\u00e8me d\u2019information"},"content":{"rendered":"<div>\n<p>Le 25 f\u00e9vrier 2022, le Port autonome de Kribi (PAK) et Prodevelop SL entreprise sp\u00e9cialis\u00e9e dans le d\u00e9veloppement de syst\u00e8mes portuaires, ont paraph\u00e9 un accord de partenariat, a appris EcoMatin de l\u2019entreprise publique. Selon les termes de cette collaboration, l\u2019entreprise italienne va s\u2019occuper de la mise \u00e0 jour du Syst\u00e8me d\u2019information g\u00e9ographique (SIG) du PAK. C\u2019est en octobre 2021 que l\u2019autorit\u00e9 portuaire a mis en place ce syst\u00e8me dans le but d\u2019assurer la mise en \u0153uvre harmonieuse d\u2019une planification des investissements \u00e0 r\u00e9aliser. \u00ab Contribuant au d\u00e9veloppement \u00e9conomique durable du PAK, il vise \u00e0 pr\u00e9server ses \u00e9quilibres territoriaux \u00e0 travers le sch\u00e9ma directeur d\u2019am\u00e9nagement et de d\u00e9veloppement durable \u00bb, explique le PAK.<\/p>\n<p><strong>Lire aussi : <a href=\"https:\/\/ecomatin.net\/le-port-de-kribi-sassocie-au-marocain-tanger-pour-sa-deuxieme-phase-de-construction\/\" target=\"_blank\" rel=\"noreferrer noopener\">Le port de Kribi s\u2019associe au Marocain Tanger pour sa deuxi\u00e8me phase de construction<\/a><\/strong><\/p>\n<p>Concr\u00e8tement, le SIG offre un large \u00e9ventail de possibilit\u00e9s des bases de donn\u00e9es (telles que requ\u00eates et analyses statistiques) et ce, au travers d\u2019une visualisation unique et d\u2019analyses g\u00e9ographiques propres aux cartes. Ces capacit\u00e9s sp\u00e9cifiques font du SIG un outil unique, accessible \u00e0 un public tr\u00e8s large et s\u2019adressant \u00e0 une tr\u00e8s grande vari\u00e9t\u00e9 d\u2019applications.<\/p>\n<p><strong>Lire aussi : <a href=\"https:\/\/ecomatin.net\/insecurite-alimentaire-le-port-de-kribi-et-liita-vont-t-creer-des-centres-dexcellence-agricoles-dans-la-region-du-sud\/\" target=\"_blank\" rel=\"noreferrer noopener\">Ins\u00e9curit\u00e9 alimentaire\u00a0: le Port de Kribi et l\u2019IITA vont cr\u00e9er des centres d\u2019excellence agricoles dans la r\u00e9gion du Sud<\/a><\/strong><\/p>\n<p>S\u2019agissant de Prodevelop S.L. est une entreprise du secteur des TIC avec plus de 25 ans d\u2019exp\u00e9rience, sp\u00e9cialis\u00e9e dans le conseil, le d\u00e9veloppement et l\u2019impl\u00e9mentation de solutions g\u00e9ospatiales dans les secteurs du transport, port et maritime, agriculture, assurance, environnement et administration publique. Avec des si\u00e8ges \u00e0 Valence, Barcelone et Algeciras en Espagne, elle dispose actuellement d\u2019une \u00e9quipe multidisciplinaire compos\u00e9e principalement d\u2019ing\u00e9nieurs en informatique, g\u00e9omatique et t\u00e9l\u00e9communications.<\/p>\n<p><strong>Lire aussi : <a href=\"https:\/\/ecomatin.net\/domaine-portuaire-le-pak-sattaque-a-la-pollution-n-de-son-domaine-maritime-et-terrestre\/\" target=\"_blank\" rel=\"noreferrer noopener\">Domaine portuaire : Le PAK s\u2019attaque \u00e0 la pollution de son domaine maritime et terrestre<\/a><\/strong><\/p>\n<p>Prodevelop dispose d\u2019un savoir-faire technologique en termes de standards des syst\u00e8mes de capteurs \u00e0 travers des architectures distribu\u00e9es, d\u2019analyse d\u2019images satellites, de d\u00e9veloppement de logiciels embarqu\u00e9s, de g\u00e9olocalisation intelligente, de syst\u00e8mes cognitifs, de HPC et de jumeaux num\u00e9riques.<\/p>\n<p>L\u2019article <a rel=\"nofollow\" href=\"https:\/\/ecomatin.net\/le-port-de-kribi-sollicite-lexpertise-de-litalien-prodevelop-sl-pour-la-mise-a-jour-de-son-systeme-dinformation\/\">Le Port de Kribi sollicite l\u2019expertise de l\u2019Italien Prodevelop SL pour la mise \u00e0 jour de son syst\u00e8me d\u2019information<\/a> est apparu en premier sur <a rel=\"nofollow\" href=\"https:\/\/ecomatin.net\/\">EcoMatin<\/a>.<\/p>\n<\/div>\n<p>Auteur: Amina MALLOUM<br \/>\n<a href=\"https:\/\/ecomatin.net\/le-port-de-kribi-sollicite-lexpertise-de-litalien-prodevelop-sl-pour-la-mise-a-jour-de-son-systeme-dinformation\/\">Cliquez ici pour lire l&rsquo;article depuis sa source.<\/a><\/p>\n","protected":false},"excerpt":{"rendered":"<p>Le 25 f\u00e9vrier 2022, le Port autonome de Kribi (PAK) et Prodevelop SL entreprise sp\u00e9cialis\u00e9e dans le d\u00e9veloppement de syst\u00e8mes portuaires, ont paraph\u00e9 un accord de partenariat, a appris EcoMatin de l\u2019entreprise publique. Selon les termes de cette collaboration, l\u2019entreprise italienne va s\u2019occuper de la mise \u00e0 jour du Syst\u00e8me d\u2019information g\u00e9ographique (SIG) du PAK. [&hellip;]<\/p>\n","protected":false},"author":1969,"featured_media":0,"comment_status":"closed","ping_status":"closed","sticky":false,"template":"","format":"standard","meta":{"fifu_image_url":"","fifu_image_alt":"","footnotes":""},"categories":[82,78],"tags":[],"class_list":["post-144450","post","type-post","status-publish","format-standard","hentry","category-cameroun","category-economie"],"_links":{"self":[{"href":"https:\/\/linitiative.ca\/International\/wp-json\/wp\/v2\/posts\/144450","targetHints":{"allow":["GET"]}}],"collection":[{"href":"https:\/\/linitiative.ca\/International\/wp-json\/wp\/v2\/posts"}],"about":[{"href":"https:\/\/linitiative.ca\/International\/wp-json\/wp\/v2\/types\/post"}],"author":[{"embeddable":true,"href":"https:\/\/linitiative.ca\/International\/wp-json\/wp\/v2\/users\/1969"}],"replies":[{"embeddable":true,"href":"https:\/\/linitiative.ca\/International\/wp-json\/wp\/v2\/comments?post=144450"}],"version-history":[{"count":0,"href":"https:\/\/linitiative.ca\/International\/wp-json\/wp\/v2\/posts\/144450\/revisions"}],"wp:attachment":[{"href":"https:\/\/linitiative.ca\/International\/wp-json\/wp\/v2\/media?parent=144450"}],"wp:term":[{"taxonomy":"category","embeddable":true,"href":"https:\/\/linitiative.ca\/International\/wp-json\/wp\/v2\/categories?post=144450"},{"taxonomy":"post_tag","embeddable":true,"href":"https:\/\/linitiative.ca\/International\/wp-json\/wp\/v2\/tags?post=144450"}],"curies":[{"name":"wp","href":"https:\/\/api.w.org\/{rel}","templated":true}]}}