{"id":144463,"date":"2022-03-31T14:00:00","date_gmt":"2022-03-31T18:00:00","guid":{"rendered":"https:\/\/linitiative.ca\/International\/voeux-a-loccasion-du-mois-du-ramadan-beni\/"},"modified":"2022-03-31T14:00:00","modified_gmt":"2022-03-31T18:00:00","slug":"voeux-a-loccasion-du-mois-du-ramadan-beni","status":"publish","type":"post","link":"https:\/\/linitiative.ca\/International\/voeux-a-loccasion-du-mois-du-ramadan-beni\/","title":{"rendered":"V\u0153ux \u00e0 l\u2019occasion du mois du Ramadan b\u00e9ni"},"content":{"rendered":"<div>\n<p class=\"has-text-align-center has-text-color\" style=\"color:#064ae5\"><strong><em>Communiqu\u00e9 du bureau politique du PPS du mercredi 30 mars 2022<\/em><\/strong><\/p>\n<p class=\"has-black-color has-text-color\"><strong>A l\u2019ouverture de sa r\u00e9union p\u00e9riodique du mercredi 30 mars 2022, le bureau politique du Parti du Progr\u00e8s et du Socialisme a pr\u00e9sent\u00e9 ses v\u0153ux sinc\u00e8res, \u00e0 l\u2019occasion de l\u2019av\u00e8nement du mois du Ramadan b\u00e9ni, \u00e0 Sa Majest\u00e9 le Roi, \u00e0 tous les membres de la famille royale ainsi qu\u2019\u00e0 l\u2019ensemble du peuple marocain, des militantes et des militants du parti.<\/strong><\/p>\n<p class=\"has-vivid-cyan-blue-color has-text-color\"><strong><em>Partage de la liesse \u00e0 l\u2019occasion de la qualification de la s\u00e9lection nationale \u00e0 la phase finale de la Coupe du Monde<\/em><\/strong><\/p>\n<p class=\"has-black-color has-text-color\">Le bureau politique a \u00e9galement pr\u00e9sent\u00e9 ses f\u00e9licitations chaleureuses au public marocain, \u00e0 l\u2019occasion de la qualification m\u00e9rit\u00e9e de notre s\u00e9lection nationale de football \u00e0 la phase finale de la Coupe du Monde, Qatar 2022, souhaitant \u00e0 l\u2019\u00e9quipe nationale un parcours r\u00e9ussi et honorable dans cette manifestation sportive mondiale et exprimant son aspiration \u00e0 ce que les exploits du sport national se poursuivent et se multiplient pour \u00e9lever son niveau et introduire la joie dans le c\u0153ur de l\u2019ensemble des Marocaines et des Marocains.<\/p>\n<p class=\"has-vivid-cyan-blue-color has-text-color\"><strong><em>Journ\u00e9e de la Terre : confirmation du soutien de la cause palestinienne<\/em><\/strong><\/p>\n<p class=\"has-black-color has-text-color\">Etant donn\u00e9 que la r\u00e9union du bureau politique a co\u00efncid\u00e9 avec le 46\u00e8me anniversaire de la Journ\u00e9e de la Terre palestinienne, le Parti du Progr\u00e8s et du Socialisme r\u00e9it\u00e8re sa solidarit\u00e9 absolue avec le peuple palestinien dans sa lutte pour recouvrer l\u2019ensemble de ses droits l\u00e9gitimes avec \u00e0 leur t\u00eate le droit d\u2019\u00e9difier son Etat national ind\u00e9pendant et souverain dans les fronti\u00e8res de 1967 avec Al Qods comme capitale. Le parti souligne sa conviction que le Maroc va poursuivre ses efforts pour soutenir la Palestine s\u0153ur, exploitant sa position nouvelle aux niveaux r\u00e9gional et international pour parvenir \u00e0 une solution d\u00e9finitive, durable et juste de la question palestinienne.<\/p>\n<p class=\"has-vivid-cyan-blue-color has-text-color\"><strong><em>Flamb\u00e9e des prix : N\u00e9cessit\u00e9 pour le gouvernement d\u2019intervenir pour soutenir le pouvoir d\u2019achat<\/em><\/strong><\/p>\n<p class=\"has-black-color has-text-color\">Par ailleurs, le bureau politique a examin\u00e9 la poursuite de la flamb\u00e9e des prix des carburants et avec eux des autres produits de consommation de base, de mani\u00e8re devenue inqui\u00e9tante, alors que nous sommes \u00e0 la veille du mois du Ramadan b\u00e9ni. A ce propos, Il a confirm\u00e9 toutes les positions et les propositions qu\u2019il a \u00e9mises au cours des derni\u00e8res semaines, comme il a r\u00e9affirm\u00e9 la n\u00e9cessit\u00e9 pour le gouvernement de prendre des mesures urgentes et palpables dans le cadre d\u2019un plan coh\u00e9rent et d\u2019une vision globale pour mettre fin \u00e0 la d\u00e9t\u00e9rioration de la situation sociale et soutenir le pouvoir d\u2019achat des citoyennes et des citoyens.<\/p>\n<p class=\"has-vivid-cyan-blue-color has-text-color\"><strong><em>Emission de l\u2019espoir de prendre soin des \u00e9tudiants marocains revenus d\u2019Ukraine<\/em><\/strong><\/p>\n<p class=\"has-black-color has-text-color\">Le bureau politique a en outre pass\u00e9 en revue les difficult\u00e9s que de nombreux \u00e9tudiants marocains ont rencontr\u00e9es lors de leur retour forc\u00e9 d\u2019Ukraine \u00e0 cause de la guerre qui s\u2019y poursuit. Il a \u00e9mis l\u2019espoir que leur situation soit prise en compte et que des formules et des solutions appropri\u00e9es soient trouv\u00e9es pour leur \u00e9viter de perdre leur ann\u00e9e universitaire actuelle.<\/p>\n<p class=\"has-vivid-cyan-blue-color has-text-color\"><strong><em>Vie interne du parti<\/em><\/strong><\/p>\n<p class=\"has-black-color has-text-color\">Au niveau de la vie interne du parti, le bureau politique s\u2019est f\u00e9licit\u00e9 de la pr\u00e9sence notoire, du succ\u00e8s \u00e9clatant et du grand rayonnement de la Caravane du Livre lors de sa derni\u00e8re \u00e9tape dans la province d\u2019El Jadida. Il a \u00e9galement rendu hommage aux rencontres du d\u00e9bat partisan interne dans la perspective du prochain congr\u00e8s national, organis\u00e9es au niveau de Temara, Ain Chok, Anfa, Sidi Bernoussi, K\u00e9nitra, Tanger et El Hajeb. Il a ensuite programm\u00e9 de nombreuses rencontres et activit\u00e9s dans le cadre du programme d\u2019action pour la p\u00e9riode \u00e0 venir.<\/p>\n<p>L\u2019article <a rel=\"nofollow\" href=\"http:\/\/albayane.press.ma\/voeux-a-loccasion-du-mois-du-ramadan-beni.html\">V\u0153ux \u00e0 l\u2019occasion du mois du Ramadan b\u00e9ni<\/a> est apparu en premier sur <a rel=\"nofollow\" href=\"http:\/\/albayane.press.ma\/\">ALBAYANE<\/a>.<\/p>\n<\/div>\n<p>Auteur: M&rsquo;hammed rahal<br \/>\n<a href=\"http:\/\/albayane.press.ma\/voeux-a-loccasion-du-mois-du-ramadan-beni.html\">Cliquez ici pour lire l&rsquo;article depuis sa source.<\/a><\/p>\n","protected":false},"excerpt":{"rendered":"<p>Communiqu\u00e9 du bureau politique du PPS du mercredi 30 mars 2022 A l\u2019ouverture de sa r\u00e9union p\u00e9riodique du mercredi 30 mars 2022, le bureau politique du Parti du Progr\u00e8s et du Socialisme a pr\u00e9sent\u00e9 ses v\u0153ux sinc\u00e8res, \u00e0 l\u2019occasion de l\u2019av\u00e8nement du mois du Ramadan b\u00e9ni, \u00e0 Sa Majest\u00e9 le Roi, \u00e0 tous les membres [&hellip;]<\/p>\n","protected":false},"author":1760,"featured_media":0,"comment_status":"closed","ping_status":"closed","sticky":false,"template":"","format":"standard","meta":{"fifu_image_url":"","fifu_image_alt":"","footnotes":""},"categories":[73,54],"tags":[],"class_list":["post-144463","post","type-post","status-publish","format-standard","hentry","category-actualite","category-maroc"],"_links":{"self":[{"href":"https:\/\/linitiative.ca\/International\/wp-json\/wp\/v2\/posts\/144463","targetHints":{"allow":["GET"]}}],"collection":[{"href":"https:\/\/linitiative.ca\/International\/wp-json\/wp\/v2\/posts"}],"about":[{"href":"https:\/\/linitiative.ca\/International\/wp-json\/wp\/v2\/types\/post"}],"author":[{"embeddable":true,"href":"https:\/\/linitiative.ca\/International\/wp-json\/wp\/v2\/users\/1760"}],"replies":[{"embeddable":true,"href":"https:\/\/linitiative.ca\/International\/wp-json\/wp\/v2\/comments?post=144463"}],"version-history":[{"count":0,"href":"https:\/\/linitiative.ca\/International\/wp-json\/wp\/v2\/posts\/144463\/revisions"}],"wp:attachment":[{"href":"https:\/\/linitiative.ca\/International\/wp-json\/wp\/v2\/media?parent=144463"}],"wp:term":[{"taxonomy":"category","embeddable":true,"href":"https:\/\/linitiative.ca\/International\/wp-json\/wp\/v2\/categories?post=144463"},{"taxonomy":"post_tag","embeddable":true,"href":"https:\/\/linitiative.ca\/International\/wp-json\/wp\/v2\/tags?post=144463"}],"curies":[{"name":"wp","href":"https:\/\/api.w.org\/{rel}","templated":true}]}}