{"id":144464,"date":"2022-03-31T14:00:00","date_gmt":"2022-03-31T18:00:00","guid":{"rendered":"https:\/\/linitiative.ca\/International\/le-soutien-a-linitiative-marocaine-dautonomie-procede-de-la-pleine-volonte-de-lespagne\/"},"modified":"2022-03-31T14:00:00","modified_gmt":"2022-03-31T18:00:00","slug":"le-soutien-a-linitiative-marocaine-dautonomie-procede-de-la-pleine-volonte-de-lespagne","status":"publish","type":"post","link":"https:\/\/linitiative.ca\/International\/le-soutien-a-linitiative-marocaine-dautonomie-procede-de-la-pleine-volonte-de-lespagne\/","title":{"rendered":"Le soutien \u00e0 l\u2019initiative marocaine d\u2019autonomie proc\u00e8de de la \u00ab pleine volont\u00e9 \u00bb de l\u2019Espagne"},"content":{"rendered":"<div>\n<p class=\"has-text-align-center has-vivid-red-color has-text-color\"><strong>Pedro Sanchez, pr\u00e9sident du gouvernement espagnol<\/strong><\/p>\n<p class=\"has-black-color has-text-color\"><strong>La position du gouvernement espagnol de soutenir le plan marocain d\u2019autonomie, comme \u00e9tant \u00ab\u00a0la base la plus s\u00e9rieuse, r\u00e9aliste et cr\u00e9dible\u00a0\u00bb pour r\u00e9soudre le diff\u00e9rend sur le Sahara marocain, proc\u00e8de de \u00ab\u00a0la pleine volont\u00e9\u00a0\u00bb de l\u2019Espagne de contribuer \u00ab\u00a0activement\u00a0\u00bb au r\u00e8glement de ce conflit qui n\u2019a que trop dur\u00e9, a soulign\u00e9, mercredi, le pr\u00e9sident du gouvernement espagnol, Pedro Sanchez.<\/strong><\/p>\n<p class=\"has-black-color has-text-color\">\u00ab\u00a0L\u2019Espagne a pris cette d\u00e9cision avec la pleine volont\u00e9 de faire un pas en avant\u00a0\u00bb vers le r\u00e8glement de ce diff\u00e9rend, a affirm\u00e9 M. Sanchez lors de la session pl\u00e9ni\u00e8re du Congr\u00e8s des d\u00e9put\u00e9s espagnol.<br \/>\u00ab\u00a0La d\u00e9cision que nous avons prise sur le Sahara est un pas suppl\u00e9mentaire sur le chemin qui a commenc\u00e9 il y a 14 ans lorsque le gouvernement espagnol a accueilli l\u2019autonomie pr\u00e9sent\u00e9e par le Maroc comme une contribution pr\u00e9cieuse \u00e0 la solution d\u2019un conflit bloqu\u00e9 depuis plus de quatre d\u00e9cennies\u00a0\u00bb, a relev\u00e9 le chef du gouvernement espagnol.<br \/>\u00ab\u00a0Nous avons la ferme volont\u00e9 de contribuer \u00e0 surmonter un conflit qui dure depuis un demi-si\u00e8cle\u00a0\u00bb, a-t-il dit.<br \/>Dans ce sens, il a ajout\u00e9 que son pays \u00ab\u00a0a r\u00e9affirm\u00e9 et approfondi sa position parce qu\u2019il y a maintenant une nouvelle fen\u00eatre d\u2019opportunit\u00e9 pour reprendre les n\u00e9gociations apr\u00e8s la nomination de l\u2019envoy\u00e9 personnel du Secr\u00e9taire g\u00e9n\u00e9ral de l\u2019ONU, Staffan de Mistura\u00a0\u00bb.<\/p>\n<p class=\"has-black-color has-text-color\">\u00ab\u00a0Apr\u00e8s de nombreuses ann\u00e9es de conflit et de statu quo dans le processus de n\u00e9gociation, le gouvernement espagnol consid\u00e8re que l\u2019autonomie propos\u00e9e par le Maroc est la base sur laquelle il y a plus de possibilit\u00e9s de construire\u00a0\u00bb une solution \u00e0 la question du Sahara, a martel\u00e9 le chef de l\u2019ex\u00e9cutif espagnol, assurant, \u00e0 cet \u00e9gard, que son pays \u00ab\u00a0reconna\u00eet logiquement les efforts d\u00e9ploy\u00e9s par le Maroc dans ce sens\u00a0\u00bb.<br \/>De ce fait, M. Sanchez a fait remarquer que \u00ab\u00a0la position de l\u2019Espagne sur la question du Sahara est conforme \u00e0 celle de ses partenaires europ\u00e9ens et de nombreux autres pays\u00a0\u00bb, notant que la Commission europ\u00e9enne et le Haut repr\u00e9sentant de l\u2019UE pour les Affaires \u00e9trang\u00e8res ont soutenu la d\u00e9cision de Madrid.<\/p>\n<p class=\"has-black-color has-text-color\">Dans ce sillage, le pr\u00e9sident du gouvernement espagnol a rappel\u00e9 que la France soutient la proposition du Maroc depuis des ann\u00e9es, l\u2019Allemagne a r\u00e9cemment apport\u00e9 son soutien \u00e0 ce plan et les \u00c9tats-Unis ne cessent d\u2019exprimer leur appui \u00e0 l\u2019approche adopt\u00e9e par le Royaume, notant que toutes les r\u00e9solutions du Conseil de s\u00e9curit\u00e9 des Nations Unies saluent depuis 2007 le plan d\u2019autonomie et les \u00ab\u00a0efforts s\u00e9rieux et cr\u00e9dibles\u00a0\u00bb du Maroc.\u00a0\u00a0<\/p>\n<p>L\u2019article <a rel=\"nofollow\" href=\"http:\/\/albayane.press.ma\/le-soutien-a-linitiative-marocaine-dautonomie-procede-de-la-pleine-volonte-de-lespagne.html\">Le soutien \u00e0 l\u2019initiative marocaine d\u2019autonomie proc\u00e8de de la \u00ab pleine volont\u00e9 \u00bb de l\u2019Espagne<\/a> est apparu en premier sur <a rel=\"nofollow\" href=\"http:\/\/albayane.press.ma\/\">ALBAYANE<\/a>.<\/p>\n<\/div>\n<p>Auteur: M&rsquo;hammed rahal<br \/>\n<a href=\"http:\/\/albayane.press.ma\/le-soutien-a-linitiative-marocaine-dautonomie-procede-de-la-pleine-volonte-de-lespagne.html\">Cliquez ici pour lire l&rsquo;article depuis sa source.<\/a><\/p>\n","protected":false},"excerpt":{"rendered":"<p>Pedro Sanchez, pr\u00e9sident du gouvernement espagnol La position du gouvernement espagnol de soutenir le plan marocain d\u2019autonomie, comme \u00e9tant \u00ab\u00a0la base la plus s\u00e9rieuse, r\u00e9aliste et cr\u00e9dible\u00a0\u00bb pour r\u00e9soudre le diff\u00e9rend sur le Sahara marocain, proc\u00e8de de \u00ab\u00a0la pleine volont\u00e9\u00a0\u00bb de l\u2019Espagne de contribuer \u00ab\u00a0activement\u00a0\u00bb au r\u00e8glement de ce conflit qui n\u2019a que trop dur\u00e9, [&hellip;]<\/p>\n","protected":false},"author":1760,"featured_media":0,"comment_status":"closed","ping_status":"closed","sticky":false,"template":"","format":"standard","meta":{"fifu_image_url":"","fifu_image_alt":"","footnotes":""},"categories":[73,54],"tags":[],"class_list":["post-144464","post","type-post","status-publish","format-standard","hentry","category-actualite","category-maroc"],"_links":{"self":[{"href":"https:\/\/linitiative.ca\/International\/wp-json\/wp\/v2\/posts\/144464","targetHints":{"allow":["GET"]}}],"collection":[{"href":"https:\/\/linitiative.ca\/International\/wp-json\/wp\/v2\/posts"}],"about":[{"href":"https:\/\/linitiative.ca\/International\/wp-json\/wp\/v2\/types\/post"}],"author":[{"embeddable":true,"href":"https:\/\/linitiative.ca\/International\/wp-json\/wp\/v2\/users\/1760"}],"replies":[{"embeddable":true,"href":"https:\/\/linitiative.ca\/International\/wp-json\/wp\/v2\/comments?post=144464"}],"version-history":[{"count":0,"href":"https:\/\/linitiative.ca\/International\/wp-json\/wp\/v2\/posts\/144464\/revisions"}],"wp:attachment":[{"href":"https:\/\/linitiative.ca\/International\/wp-json\/wp\/v2\/media?parent=144464"}],"wp:term":[{"taxonomy":"category","embeddable":true,"href":"https:\/\/linitiative.ca\/International\/wp-json\/wp\/v2\/categories?post=144464"},{"taxonomy":"post_tag","embeddable":true,"href":"https:\/\/linitiative.ca\/International\/wp-json\/wp\/v2\/tags?post=144464"}],"curies":[{"name":"wp","href":"https:\/\/api.w.org\/{rel}","templated":true}]}}