{"id":144465,"date":"2022-03-31T14:00:00","date_gmt":"2022-03-31T18:00:00","guid":{"rendered":"https:\/\/linitiative.ca\/International\/reniement\/"},"modified":"2022-03-31T14:00:00","modified_gmt":"2022-03-31T18:00:00","slug":"reniement","status":"publish","type":"post","link":"https:\/\/linitiative.ca\/International\/reniement\/","title":{"rendered":"Reniement !"},"content":{"rendered":"<div>\n<p class=\"has-black-color has-text-color\"><strong>Est-ce que les marocain(e)s n\u2019aiment pas leur pays ? A-t-on m\u00eame le droit de poser cette question ? De tout temps, ils ont toujours fait preuve de d\u00e9vouement hors pair \u00e0 la nation, depuis bien avant le protectorat \u00e0 nos jours, sans rel\u00e2che ni d\u00e9robade. Depuis des si\u00e8cles, leur bravoure \u00e0 l\u2019\u00e9gard de la patrie et leur fiert\u00e9 d\u2019appartenance \u00e0 la terre est sans ambages. Aussi bien sur les montagnes que dans les plaines, le sentiment d\u2019attachement aux origines, solidement enracin\u00e9 dans les tr\u00e9fonds, ne souffre d\u2019une contestation, \u00e0 travers des \u00e8res s\u00e9culaires les plus tendues de l\u2019histoire. Qu\u2019en devient-il maintenant ? Cette impr\u00e9gnation intense, se serait-elle effrit\u00e9e par les effrois et les supplices de la vie quotidienne ? Des pr\u00e9mices aussi angoissants que pr\u00e9occupants surgissent dans le Maroc actuel qui ne cessent d\u2019interpeller si vivement\u00a0 les diverses composantes de la nation.<\/strong><\/p>\n<p class=\"has-black-color has-text-color\">Jamais on n\u2019entendait parler d\u2019actes\u00a0 d\u2019immoler dans la voie publique ou encore de br\u00fbler le drapeau et de honnir\u00a0 l\u2019hymne\u00a0 national dans les stades! Jamais on ne se mettait \u00e0 d\u00e9truire les pi\u00e8ces d\u2019identit\u00e9 ou \u00e0 prof\u00e9rer des propos blasph\u00e9matoires contre les racines de son entit\u00e9! Jamais on ne se permettait de conspuer les symboles sacr\u00e9es de l\u2019Etat et de ses institutions !\u00a0 Jamais enfin on n\u2019aurait cru que les jeunes se seraient facilement hasard\u00e9s \u00e0 enfourcher si intens\u00e9ment les barques de la mort pour un monde chim\u00e9rique et, de ce fait, se d\u00e9sisteraient carr\u00e9ment des liens de la parent\u00e9 et des jonctions de la nation\u00a0 ! Ces ph\u00e9nom\u00e8nes \u00e9tranges aux traditions et aux usages marocains quoiqu\u2019en phase embryonnaire, sont, n\u00e9anmoins, en passe de faire germer et\u00a0 forger une forte contagion m\u00e9cr\u00e9ante d\u2019impi\u00e9t\u00e9 et d\u2019ind\u00e9votion dans les esprits des g\u00e9n\u00e9rations montantes.<\/p>\n<p class=\"has-black-color has-text-color\">\u00ab\u00a0 Rien n\u2019est gratuit, tout \u00e0 un sens ! \u00bb, disait un jour, le penseur marxiste fran\u00e7ais, Louis Althusser du si\u00e8cle \u00e9coul\u00e9. Il est donc bien \u00e9vident que ce reniement subit n\u2019est pas tomb\u00e9 du ciel, sans avoir des raisons plausibles du v\u00e9cu quotidien. On ne peut s\u2019\u00e9tonner d\u2019une situation aussi atroce et p\u00e9rilleuse pour le dessein de la patrie elle-m\u00eame, puisqu\u2019elle touche de visu l\u2019essence de l\u2019existentiel. C\u2019est dire combien on se laisse\u00a0 badiner \u00e0 pr\u00e9sent avec le devenir du pays par des politiques publiques hypoth\u00e9tiques, ass\u00e9nant des coups durs au c\u0153ur de l\u2019existence qu\u2019est l\u2019\u00e9l\u00e9ment humain. Tel qu\u2019ils sont fa\u00e7onn\u00e9s, depuis des si\u00e8cles, jamais les marocain(e)s n\u2019oseraient verser dans la d\u00e9n\u00e9gation de leur raison d\u2019\u00eatre. C\u2019est \u00e0 coup s\u00fbr, dans le traitement des gouvernants \u00e0 leurs d\u00e9pens qu\u2019il va falloir aller d\u00e9nicher les causes de leurs r\u00e9actions h\u00e9r\u00e9tiques envers la nation. \u00ab Va, je ne te hais point ! \u00bb, disait Chim\u00e8ne \u00e0 Rodrigue \u00e0 qui il vient de tuer le p\u00e8re, lors d\u2019un duel l\u00e9gitime, dans la c\u00e9l\u00e8bre pi\u00e8ce de th\u00e9\u00e2tre, le Cid de Corneille du 17\u00e8me si\u00e8cle. Cette fameuse litote qui circule dans toutes les langues, conviendrait, sans doute, \u00e0 tout(e)\u00a0 marocain(e) se trouvant dans un \u00e9tat de f\u00e9brilit\u00e9 profond\u00e9ment apostasi\u00e9e.<\/p>\n<p>L\u2019article <a rel=\"nofollow\" href=\"http:\/\/albayane.press.ma\/reniement.html\">Reniement !<\/a> est apparu en premier sur <a rel=\"nofollow\" href=\"http:\/\/albayane.press.ma\/\">ALBAYANE<\/a>.<\/p>\n<\/div>\n<p>Auteur: M&rsquo;hammed rahal<br \/>\n<a href=\"http:\/\/albayane.press.ma\/reniement.html\">Cliquez ici pour lire l&rsquo;article depuis sa source.<\/a><\/p>\n","protected":false},"excerpt":{"rendered":"<p>Est-ce que les marocain(e)s n\u2019aiment pas leur pays ? A-t-on m\u00eame le droit de poser cette question ? De tout temps, ils ont toujours fait preuve de d\u00e9vouement hors pair \u00e0 la nation, depuis bien avant le protectorat \u00e0 nos jours, sans rel\u00e2che ni d\u00e9robade. Depuis des si\u00e8cles, leur bravoure \u00e0 l\u2019\u00e9gard de la patrie [&hellip;]<\/p>\n","protected":false},"author":1760,"featured_media":0,"comment_status":"closed","ping_status":"closed","sticky":false,"template":"","format":"standard","meta":{"fifu_image_url":"","fifu_image_alt":"","footnotes":""},"categories":[73,54],"tags":[],"class_list":["post-144465","post","type-post","status-publish","format-standard","hentry","category-actualite","category-maroc"],"_links":{"self":[{"href":"https:\/\/linitiative.ca\/International\/wp-json\/wp\/v2\/posts\/144465","targetHints":{"allow":["GET"]}}],"collection":[{"href":"https:\/\/linitiative.ca\/International\/wp-json\/wp\/v2\/posts"}],"about":[{"href":"https:\/\/linitiative.ca\/International\/wp-json\/wp\/v2\/types\/post"}],"author":[{"embeddable":true,"href":"https:\/\/linitiative.ca\/International\/wp-json\/wp\/v2\/users\/1760"}],"replies":[{"embeddable":true,"href":"https:\/\/linitiative.ca\/International\/wp-json\/wp\/v2\/comments?post=144465"}],"version-history":[{"count":0,"href":"https:\/\/linitiative.ca\/International\/wp-json\/wp\/v2\/posts\/144465\/revisions"}],"wp:attachment":[{"href":"https:\/\/linitiative.ca\/International\/wp-json\/wp\/v2\/media?parent=144465"}],"wp:term":[{"taxonomy":"category","embeddable":true,"href":"https:\/\/linitiative.ca\/International\/wp-json\/wp\/v2\/categories?post=144465"},{"taxonomy":"post_tag","embeddable":true,"href":"https:\/\/linitiative.ca\/International\/wp-json\/wp\/v2\/tags?post=144465"}],"curies":[{"name":"wp","href":"https:\/\/api.w.org\/{rel}","templated":true}]}}