{"id":144466,"date":"2022-03-31T14:00:00","date_gmt":"2022-03-31T18:00:00","guid":{"rendered":"https:\/\/linitiative.ca\/International\/bounou-rassure-sur-son-etat-de-sante\/"},"modified":"2022-03-31T14:00:00","modified_gmt":"2022-03-31T18:00:00","slug":"bounou-rassure-sur-son-etat-de-sante","status":"publish","type":"post","link":"https:\/\/linitiative.ca\/International\/bounou-rassure-sur-son-etat-de-sante\/","title":{"rendered":"Bounou rassure sur son \u00e9tat de sant\u00e9"},"content":{"rendered":"<div>\n<p class=\"has-text-align-center has-vivid-red-color has-text-color\"><strong>Bless\u00e9 au visage apr\u00e8s un contact avec un joueur congolais<\/strong><strong><\/strong><\/p>\n<p class=\"has-black-color has-text-color\"><strong>Le gardien de but des Lions de l\u2019Atlas, Yassine Bounou, bless\u00e9 au visage apr\u00e8s un contact avec un joueur congolais, a rassur\u00e9 sur son \u00e9tat de sant\u00e9.<br \/>\u00ab\u00a0Les r\u00e9sultats des examens m\u00e9dicaux sont tr\u00e8s bons et je commence \u00e0 me remettre\u00a0\u00bb, a indiqu\u00e9, \u00e0 la presse, Bounou, qui a d\u00fb c\u00e9der sa place \u00e0 la 43\u00e8 minute du barrage retour des qualifications au Mondial-2022 de football, qui a vu l\u2019\u00e9quipe marocaine poin\u00e7onner son ticket, mardi au complexe sportif Mohammed V \u00e0 Casablanca (4-1, 1-1 \u00e0 l\u2019aller).<\/strong><\/p>\n<p class=\"has-black-color has-text-color\">\u00ab\u00a0Je vais observer une p\u00e9riode de convalescence avant de reprendre les entra\u00eenements\u00a0\u00bb, a-t-il fait savoir.<br \/>Le m\u00e9decin de la s\u00e9lection marocaine, Abderrazak Hifti affirme que la blessure n\u2019est pas grave. \u00ab\u00a0Bounou va bien. La radiographie cr\u00e2nienne d\u00e9montre qu\u2019il n\u2019a pas subi de blessure grave. Il est en bon \u00e9tat de sant\u00e9. Il ne faut pas s\u2019inqui\u00e9ter\u00a0\u00bb, a-t-il assur\u00e9.<br \/>Le staff m\u00e9dical a d\u00e9cid\u00e9 le transfert imm\u00e9diat de Bounou \u00e0 l\u2019h\u00f4pital apr\u00e8s sa blessure, pour en avoir le c\u0153ur net, a expliqu\u00e9 Hifti, pr\u00e9cisant qu\u2019il a \u00e9t\u00e9 plac\u00e9 sous observation m\u00e9dicale pour 24 heures. \u00ab\u00a0Son \u00e9tat de sant\u00e9 ne suscite aucune inqui\u00e9tude\u00a0\u00bb, a-t-il insist\u00e9.<br \/>Le goalkeeper de l\u2019\u00e9quipe nationale et de S\u00e9ville FC, auteur actuellement d\u2019une bonne prestation, que ce soit en club ou en s\u00e9lection, attire la convoitise de plusieurs gros calibres du football europ\u00e9en qui cherchent \u00e0 s\u2019attacher ses services d\u00e8s le prochain mercato.<\/p>\n<p>L\u2019article <a rel=\"nofollow\" href=\"http:\/\/albayane.press.ma\/bounou-rassure-sur-son-etat-de-sante.html\">Bounou rassure sur son \u00e9tat de sant\u00e9<\/a> est apparu en premier sur <a rel=\"nofollow\" href=\"http:\/\/albayane.press.ma\/\">ALBAYANE<\/a>.<\/p>\n<\/div>\n<p>Auteur: M&rsquo;hammed rahal<br \/>\n<a href=\"http:\/\/albayane.press.ma\/bounou-rassure-sur-son-etat-de-sante.html\">Cliquez ici pour lire l&rsquo;article depuis sa source.<\/a><\/p>\n","protected":false},"excerpt":{"rendered":"<p>Bless\u00e9 au visage apr\u00e8s un contact avec un joueur congolais Le gardien de but des Lions de l\u2019Atlas, Yassine Bounou, bless\u00e9 au visage apr\u00e8s un contact avec un joueur congolais, a rassur\u00e9 sur son \u00e9tat de sant\u00e9.\u00ab\u00a0Les r\u00e9sultats des examens m\u00e9dicaux sont tr\u00e8s bons et je commence \u00e0 me remettre\u00a0\u00bb, a indiqu\u00e9, \u00e0 la presse, [&hellip;]<\/p>\n","protected":false},"author":1760,"featured_media":0,"comment_status":"closed","ping_status":"closed","sticky":false,"template":"","format":"standard","meta":{"fifu_image_url":"","fifu_image_alt":"","footnotes":""},"categories":[73,54],"tags":[],"class_list":["post-144466","post","type-post","status-publish","format-standard","hentry","category-actualite","category-maroc"],"_links":{"self":[{"href":"https:\/\/linitiative.ca\/International\/wp-json\/wp\/v2\/posts\/144466","targetHints":{"allow":["GET"]}}],"collection":[{"href":"https:\/\/linitiative.ca\/International\/wp-json\/wp\/v2\/posts"}],"about":[{"href":"https:\/\/linitiative.ca\/International\/wp-json\/wp\/v2\/types\/post"}],"author":[{"embeddable":true,"href":"https:\/\/linitiative.ca\/International\/wp-json\/wp\/v2\/users\/1760"}],"replies":[{"embeddable":true,"href":"https:\/\/linitiative.ca\/International\/wp-json\/wp\/v2\/comments?post=144466"}],"version-history":[{"count":0,"href":"https:\/\/linitiative.ca\/International\/wp-json\/wp\/v2\/posts\/144466\/revisions"}],"wp:attachment":[{"href":"https:\/\/linitiative.ca\/International\/wp-json\/wp\/v2\/media?parent=144466"}],"wp:term":[{"taxonomy":"category","embeddable":true,"href":"https:\/\/linitiative.ca\/International\/wp-json\/wp\/v2\/categories?post=144466"},{"taxonomy":"post_tag","embeddable":true,"href":"https:\/\/linitiative.ca\/International\/wp-json\/wp\/v2\/tags?post=144466"}],"curies":[{"name":"wp","href":"https:\/\/api.w.org\/{rel}","templated":true}]}}