{"id":144576,"date":"2022-04-02T16:00:53","date_gmt":"2022-04-02T20:00:53","guid":{"rendered":"https:\/\/linitiative.ca\/International\/caf-cup-groupe-sfaxien-pour-affronter-ahly-tripoli\/"},"modified":"2022-04-02T16:00:53","modified_gmt":"2022-04-02T20:00:53","slug":"caf-cup-groupe-sfaxien-pour-affronter-ahly-tripoli","status":"publish","type":"post","link":"https:\/\/linitiative.ca\/International\/caf-cup-groupe-sfaxien-pour-affronter-ahly-tripoli\/","title":{"rendered":"CAF Cup : Groupe sfaxien pour affronter Ahly Tripoli"},"content":{"rendered":"<div>\n<p>Ci-apr\u00e8s le groupe sfaxien convoqu\u00e9 par le coach portugais Jorge Costa pour affronter les libyens d\u2019Ahly Tripoli, demain dimanche \u00e0 partir de 21h00 \u00e0 Rad\u00e8s, pour le compte de la 6e et derni\u00e8re journ\u00e9e\u00a0 de la phase des poules de la CAF Cup 2022.<\/p>\n<p>L\u2019article <a href=\"https:\/\/sport.tunisienumerique.com\/caf-cup-groupe-sfaxien-pour-affronter-ahly-tripoli\/\">CAF Cup : Groupe sfaxien pour affronter Ahly Tripoli<\/a> est apparu en premier sur <a href=\"https:\/\/www.tunisienumerique.com\/\">Tunisie<\/a>.<\/p>\n<\/div>\n<p>Auteur: Hamza Ben Khlifa<br \/>\n<a href=\"https:\/\/sport.tunisienumerique.com\/caf-cup-groupe-sfaxien-pour-affronter-ahly-tripoli\/\">Cliquez ici pour lire l&rsquo;article depuis sa source.<\/a><\/p>\n","protected":false},"excerpt":{"rendered":"<p>Ci-apr\u00e8s le groupe sfaxien convoqu\u00e9 par le coach portugais Jorge Costa pour affronter les libyens d\u2019Ahly Tripoli, demain dimanche \u00e0 partir de 21h00 \u00e0 Rad\u00e8s, pour le compte de la 6e et derni\u00e8re journ\u00e9e\u00a0 de la phase des poules de la CAF Cup 2022. L\u2019article CAF Cup : Groupe sfaxien pour affronter Ahly Tripoli est [&hellip;]<\/p>\n","protected":false},"author":1789,"featured_media":0,"comment_status":"closed","ping_status":"closed","sticky":false,"template":"","format":"standard","meta":{"fifu_image_url":"","fifu_image_alt":"","footnotes":""},"categories":[73,55],"tags":[],"class_list":["post-144576","post","type-post","status-publish","format-standard","hentry","category-actualite","category-tunisie"],"_links":{"self":[{"href":"https:\/\/linitiative.ca\/International\/wp-json\/wp\/v2\/posts\/144576","targetHints":{"allow":["GET"]}}],"collection":[{"href":"https:\/\/linitiative.ca\/International\/wp-json\/wp\/v2\/posts"}],"about":[{"href":"https:\/\/linitiative.ca\/International\/wp-json\/wp\/v2\/types\/post"}],"author":[{"embeddable":true,"href":"https:\/\/linitiative.ca\/International\/wp-json\/wp\/v2\/users\/1789"}],"replies":[{"embeddable":true,"href":"https:\/\/linitiative.ca\/International\/wp-json\/wp\/v2\/comments?post=144576"}],"version-history":[{"count":0,"href":"https:\/\/linitiative.ca\/International\/wp-json\/wp\/v2\/posts\/144576\/revisions"}],"wp:attachment":[{"href":"https:\/\/linitiative.ca\/International\/wp-json\/wp\/v2\/media?parent=144576"}],"wp:term":[{"taxonomy":"category","embeddable":true,"href":"https:\/\/linitiative.ca\/International\/wp-json\/wp\/v2\/categories?post=144576"},{"taxonomy":"post_tag","embeddable":true,"href":"https:\/\/linitiative.ca\/International\/wp-json\/wp\/v2\/tags?post=144576"}],"curies":[{"name":"wp","href":"https:\/\/api.w.org\/{rel}","templated":true}]}}