{"id":144577,"date":"2022-04-02T16:13:07","date_gmt":"2022-04-02T20:13:07","guid":{"rendered":"https:\/\/linitiative.ca\/International\/tunisie-bouden-preside-la-reunion-du-comite-national-dorganisation-du-18eme-sommet-de-la-francophonie-et-de-la-tciad-8\/"},"modified":"2022-04-02T16:13:07","modified_gmt":"2022-04-02T20:13:07","slug":"tunisie-bouden-preside-la-reunion-du-comite-national-dorganisation-du-18eme-sommet-de-la-francophonie-et-de-la-tciad-8","status":"publish","type":"post","link":"https:\/\/linitiative.ca\/International\/tunisie-bouden-preside-la-reunion-du-comite-national-dorganisation-du-18eme-sommet-de-la-francophonie-et-de-la-tciad-8\/","title":{"rendered":"Tunisie : Bouden pr\u00e9side la r\u00e9union du Comit\u00e9 national d\u2019organisation du 18\u00e8me Sommet de la francophonie et de la TCIAD 8"},"content":{"rendered":"<div>\n<p>La Cheffe du gouvernement, Mme. Najla Bouden a supervis\u00e9 la r\u00e9union du Comit\u00e9 national d\u2019organisation du 18e Sommet de la Francophonie qui se tiendra \u00e0 Djerba ce novembre et la huiti\u00e8me \u00e9dition de la Conf\u00e9rence Internationale de Tokyo pour le D\u00e9veloppement en Afrique-TICAD 8 qui se tiendra \u00e0 Tunis les 27 et 28 ao\u00fbt. A [\u2026]<\/p>\n<p>L\u2019article <a href=\"https:\/\/www.tunisienumerique.com\/tunisie-bouden-preside-la-reunion-du-comite-national-dorganisation-du-18eme-sommet-de-la-francophonie-et-de-la-tciad-8\/\">Tunisie : Bouden pr\u00e9side la r\u00e9union du Comit\u00e9 national d\u2019organisation du 18\u00e8me Sommet de la francophonie et de la TCIAD 8<\/a> est apparu en premier sur <a href=\"https:\/\/www.tunisienumerique.com\/\">Tunisie<\/a>.<\/p>\n<\/div>\n<p>Auteur: rania ben slimane<br \/>\n<a href=\"https:\/\/www.tunisienumerique.com\/tunisie-bouden-preside-la-reunion-du-comite-national-dorganisation-du-18eme-sommet-de-la-francophonie-et-de-la-tciad-8\/\">Cliquez ici pour lire l&rsquo;article depuis sa source.<\/a><\/p>\n","protected":false},"excerpt":{"rendered":"<p>La Cheffe du gouvernement, Mme. Najla Bouden a supervis\u00e9 la r\u00e9union du Comit\u00e9 national d\u2019organisation du 18e Sommet de la Francophonie qui se tiendra \u00e0 Djerba ce novembre et la huiti\u00e8me \u00e9dition de la Conf\u00e9rence Internationale de Tokyo pour le D\u00e9veloppement en Afrique-TICAD 8 qui se tiendra \u00e0 Tunis les 27 et 28 ao\u00fbt. A [&hellip;]<\/p>\n","protected":false},"author":1789,"featured_media":0,"comment_status":"closed","ping_status":"closed","sticky":false,"template":"","format":"standard","meta":{"fifu_image_url":"","fifu_image_alt":"","footnotes":""},"categories":[73,55],"tags":[],"class_list":["post-144577","post","type-post","status-publish","format-standard","hentry","category-actualite","category-tunisie"],"_links":{"self":[{"href":"https:\/\/linitiative.ca\/International\/wp-json\/wp\/v2\/posts\/144577","targetHints":{"allow":["GET"]}}],"collection":[{"href":"https:\/\/linitiative.ca\/International\/wp-json\/wp\/v2\/posts"}],"about":[{"href":"https:\/\/linitiative.ca\/International\/wp-json\/wp\/v2\/types\/post"}],"author":[{"embeddable":true,"href":"https:\/\/linitiative.ca\/International\/wp-json\/wp\/v2\/users\/1789"}],"replies":[{"embeddable":true,"href":"https:\/\/linitiative.ca\/International\/wp-json\/wp\/v2\/comments?post=144577"}],"version-history":[{"count":0,"href":"https:\/\/linitiative.ca\/International\/wp-json\/wp\/v2\/posts\/144577\/revisions"}],"wp:attachment":[{"href":"https:\/\/linitiative.ca\/International\/wp-json\/wp\/v2\/media?parent=144577"}],"wp:term":[{"taxonomy":"category","embeddable":true,"href":"https:\/\/linitiative.ca\/International\/wp-json\/wp\/v2\/categories?post=144577"},{"taxonomy":"post_tag","embeddable":true,"href":"https:\/\/linitiative.ca\/International\/wp-json\/wp\/v2\/tags?post=144577"}],"curies":[{"name":"wp","href":"https:\/\/api.w.org\/{rel}","templated":true}]}}