{"id":144579,"date":"2022-04-02T17:22:07","date_gmt":"2022-04-02T21:22:07","guid":{"rendered":"https:\/\/linitiative.ca\/International\/tunisie-seisme-dans-la-region-de-beja\/"},"modified":"2022-04-02T17:22:07","modified_gmt":"2022-04-02T21:22:07","slug":"tunisie-seisme-dans-la-region-de-beja","status":"publish","type":"post","link":"https:\/\/linitiative.ca\/International\/tunisie-seisme-dans-la-region-de-beja\/","title":{"rendered":"Tunisie \u2013 S\u00e9isme dans la r\u00e9gion de B\u00e9ja"},"content":{"rendered":"<div>\n<p>Un s\u00e9isme de magnitude 3.8 a \u00e9t\u00e9 enregistr\u00e9, ce soir dans la zone de Thibar dans la r\u00e9gion de B\u00e9ja. Et ce \u00e0 18H50. La secousse a \u00e9t\u00e9 ressentie par les riverains.<\/p>\n<p>L\u2019article <a href=\"https:\/\/www.tunisienumerique.com\/tunisie-seisme-dans-la-region-de-beja-2\/\">Tunisie \u2013 S\u00e9isme dans la r\u00e9gion de B\u00e9ja<\/a> est apparu en premier sur <a href=\"https:\/\/www.tunisienumerique.com\/\">Tunisie<\/a>.<\/p>\n<\/div>\n<p>Auteur: LM<br \/>\n<a href=\"https:\/\/www.tunisienumerique.com\/tunisie-seisme-dans-la-region-de-beja-2\/\">Cliquez ici pour lire l&rsquo;article depuis sa source.<\/a><\/p>\n","protected":false},"excerpt":{"rendered":"<p>Un s\u00e9isme de magnitude 3.8 a \u00e9t\u00e9 enregistr\u00e9, ce soir dans la zone de Thibar dans la r\u00e9gion de B\u00e9ja. Et ce \u00e0 18H50. La secousse a \u00e9t\u00e9 ressentie par les riverains. L\u2019article Tunisie \u2013 S\u00e9isme dans la r\u00e9gion de B\u00e9ja est apparu en premier sur Tunisie. Auteur: LM Cliquez ici pour lire l&rsquo;article depuis [&hellip;]<\/p>\n","protected":false},"author":1789,"featured_media":0,"comment_status":"closed","ping_status":"closed","sticky":false,"template":"","format":"standard","meta":{"fifu_image_url":"","fifu_image_alt":"","footnotes":""},"categories":[73,55],"tags":[],"class_list":["post-144579","post","type-post","status-publish","format-standard","hentry","category-actualite","category-tunisie"],"_links":{"self":[{"href":"https:\/\/linitiative.ca\/International\/wp-json\/wp\/v2\/posts\/144579","targetHints":{"allow":["GET"]}}],"collection":[{"href":"https:\/\/linitiative.ca\/International\/wp-json\/wp\/v2\/posts"}],"about":[{"href":"https:\/\/linitiative.ca\/International\/wp-json\/wp\/v2\/types\/post"}],"author":[{"embeddable":true,"href":"https:\/\/linitiative.ca\/International\/wp-json\/wp\/v2\/users\/1789"}],"replies":[{"embeddable":true,"href":"https:\/\/linitiative.ca\/International\/wp-json\/wp\/v2\/comments?post=144579"}],"version-history":[{"count":0,"href":"https:\/\/linitiative.ca\/International\/wp-json\/wp\/v2\/posts\/144579\/revisions"}],"wp:attachment":[{"href":"https:\/\/linitiative.ca\/International\/wp-json\/wp\/v2\/media?parent=144579"}],"wp:term":[{"taxonomy":"category","embeddable":true,"href":"https:\/\/linitiative.ca\/International\/wp-json\/wp\/v2\/categories?post=144579"},{"taxonomy":"post_tag","embeddable":true,"href":"https:\/\/linitiative.ca\/International\/wp-json\/wp\/v2\/tags?post=144579"}],"curies":[{"name":"wp","href":"https:\/\/api.w.org\/{rel}","templated":true}]}}