{"id":144590,"date":"2022-04-02T16:18:03","date_gmt":"2022-04-02T20:18:03","guid":{"rendered":"https:\/\/linitiative.ca\/International\/burkina-faso-la-cedeao-recue-par-le-president-de-la-transition\/"},"modified":"2022-04-02T16:18:03","modified_gmt":"2022-04-02T20:18:03","slug":"burkina-faso-la-cedeao-recue-par-le-president-de-la-transition","status":"publish","type":"post","link":"https:\/\/linitiative.ca\/International\/burkina-faso-la-cedeao-recue-par-le-president-de-la-transition\/","title":{"rendered":"Burkina Faso : la Cedeao re\u00e7ue par le pr\u00e9sident de la transition"},"content":{"rendered":"<div>\n<p><img decoding=\"async\" width=\"750\" height=\"492\" src=\"https:\/\/linitiative.ca\/International\/wp-content\/uploads\/sites\/23\/2022\/04\/16489306836566.jpg\" class=\"attachment-post-thumbnail size-post-thumbnail wp-post-image\" alt=\"\" loading=\"lazy\" srcset=\"https:\/\/linitiative.ca\/International\/wp-content\/uploads\/sites\/23\/2022\/04\/16489306836566.jpg 750w, https:\/\/www.journalducameroun.com\/wp-content\/uploads\/2022\/04\/16489306836566-300x197.jpg 300w, https:\/\/www.journalducameroun.com\/wp-content\/uploads\/2022\/04\/16489306836566-671x440.jpg 671w, https:\/\/www.journalducameroun.com\/wp-content\/uploads\/2022\/04\/16489306836566-600x394.jpg 600w\" sizes=\"auto, (max-width: 750px) 100vw, 750px\"><\/p>\n<p>Le Pr\u00e9sident de la Commission de la Communaut\u00e9 \u00e9conomique de \u00c9tats de l&rsquo;Afrique de l&rsquo;Ouest (CEDEAO), Jean Claude Kassi Brou, a effectu\u00e9 une visite de travail au Burkina Faso du 1er au 2 avril 2022.L&rsquo;objet de la visite selon le communiqu\u00e9 parvenu \u00e0 APA, \u00e9tait de \u00ab partager avec les autorit\u00e9s burkinab\u00e8 les conclusions du Sommet extraordinaire de la CEDEAO tenu le 25 mars 2022 \u00e0 Accra, en R\u00e9publique du Ghana\u00a0\u00bb.<\/p>\n<p>Au cours de son s\u00e9jour, le Pr\u00e9sident de la Commission et sa d\u00e9l\u00e9gation ont eu des s\u00e9ances de travail avec le ministre des Affaires \u00e9trang\u00e8res, de la Coop\u00e9ration r\u00e9gionale\u00a0et des Burkinab\u00e8 de l&rsquo;Ext\u00e9rieur et le ministre\u00a0d\u00e9l\u00e9gu\u00e9 charg\u00e9 de la Coop\u00e9ration r\u00e9gionale.\u00a0<\/p>\n<p>Ils ont \u00e9t\u00e9 re\u00e7us en audience par le Pr\u00e9sident du Burkina Faso Paul-Henri Sandaogo Damiba. \u00ab Les entretiens se sont d\u00e9roul\u00e9s dans une atmosph\u00e8re empreinte de cordialit\u00e9 et de franchise \u00bb soutient le communiqu\u00e9.<\/p>\n<p>Les discussions entre la CEDEAO et le Burkina Faso vont se poursuivre autour des questions \u00e9voqu\u00e9es lors du Sommet du 25 mars 2022\u00a0\u00bb selon le document.<\/p>\n<p>Pour rappel, ce pays du Sahel en proie au jihadisme depuis 2013 et la Cedeao sont en d\u00e9saccord sur la dur\u00e9e de la transition apr\u00e8s le coup d&rsquo;Etat perp\u00e9tr\u00e9 par des militaires le 24 janvier 2022 contre le pr\u00e9sident Roch Marc Christian Kabor\u00e9.\u00a0<\/p>\n<p>La junte au pouvoir s&rsquo;est fix\u00e9e comme mission de travailler \u00e0 stabiliser le pays en s&rsquo;appuyant sur les conclusions des Assises nationales. Celles-ci fixent une transition de trois ans avant la tenue des prochaines \u00e9lections.\u00a0<br \/>\n\tUn d\u00e9lai jug\u00e9 suffisamment \u00a0\u00ab long \u00bb par l&rsquo;organisation r\u00e9gionale, qui pr\u00f4ne une transition de 18 mois au maximum afin de permettre le retour des civils au pouvoir.\u00a0<\/p>\n<p>Cet article <a rel=\"nofollow\" href=\"https:\/\/www.journalducameroun.com\/burkina-faso-la-cedeao-recue-par-le-president-de-la-transition\/\">Burkina Faso : la Cedeao re\u00e7ue par le pr\u00e9sident de la transition<\/a> est apparu en premier sur <a rel=\"nofollow\" href=\"https:\/\/www.journalducameroun.com\/\">Journal du Cameroun<\/a>.<\/p>\n<\/div>\n<p>Auteur: APA News<br \/>\n<a href=\"https:\/\/www.journalducameroun.com\/burkina-faso-la-cedeao-recue-par-le-president-de-la-transition\/\">Cliquez ici pour lire l&rsquo;article depuis sa source.<\/a><\/p>\n","protected":false},"excerpt":{"rendered":"<p>Le Pr\u00e9sident de la Commission de la Communaut\u00e9 \u00e9conomique de \u00c9tats de l&rsquo;Afrique de l&rsquo;Ouest (CEDEAO), Jean Claude Kassi Brou, a effectu\u00e9 une visite de travail au Burkina Faso du 1er au 2 avril 2022.L&rsquo;objet de la visite selon le communiqu\u00e9 parvenu \u00e0 APA, \u00e9tait de \u00ab partager avec les autorit\u00e9s burkinab\u00e8 les conclusions du [&hellip;]<\/p>\n","protected":false},"author":1965,"featured_media":0,"comment_status":"closed","ping_status":"closed","sticky":false,"template":"","format":"standard","meta":{"fifu_image_url":"https:\/\/www.journalducameroun.com\/wp-content\/uploads\/2022\/04\/16489306836566.jpg","fifu_image_alt":"Burkina Faso : la Cedeao re\u00e7ue par le pr\u00e9sident de la transition","footnotes":""},"categories":[73,82],"tags":[],"class_list":["post-144590","post","type-post","status-publish","format-standard","hentry","category-actualite","category-cameroun"],"_links":{"self":[{"href":"https:\/\/linitiative.ca\/International\/wp-json\/wp\/v2\/posts\/144590","targetHints":{"allow":["GET"]}}],"collection":[{"href":"https:\/\/linitiative.ca\/International\/wp-json\/wp\/v2\/posts"}],"about":[{"href":"https:\/\/linitiative.ca\/International\/wp-json\/wp\/v2\/types\/post"}],"author":[{"embeddable":true,"href":"https:\/\/linitiative.ca\/International\/wp-json\/wp\/v2\/users\/1965"}],"replies":[{"embeddable":true,"href":"https:\/\/linitiative.ca\/International\/wp-json\/wp\/v2\/comments?post=144590"}],"version-history":[{"count":0,"href":"https:\/\/linitiative.ca\/International\/wp-json\/wp\/v2\/posts\/144590\/revisions"}],"wp:attachment":[{"href":"https:\/\/linitiative.ca\/International\/wp-json\/wp\/v2\/media?parent=144590"}],"wp:term":[{"taxonomy":"category","embeddable":true,"href":"https:\/\/linitiative.ca\/International\/wp-json\/wp\/v2\/categories?post=144590"},{"taxonomy":"post_tag","embeddable":true,"href":"https:\/\/linitiative.ca\/International\/wp-json\/wp\/v2\/tags?post=144590"}],"curies":[{"name":"wp","href":"https:\/\/api.w.org\/{rel}","templated":true}]}}