{"id":144592,"date":"2022-04-02T17:18:03","date_gmt":"2022-04-02T21:18:03","guid":{"rendered":"https:\/\/linitiative.ca\/International\/niger-un-millier-de-mendiants-rapatries-du-senegal-gouvernement\/"},"modified":"2022-04-02T17:18:03","modified_gmt":"2022-04-02T21:18:03","slug":"niger-un-millier-de-mendiants-rapatries-du-senegal-gouvernement","status":"publish","type":"post","link":"https:\/\/linitiative.ca\/International\/niger-un-millier-de-mendiants-rapatries-du-senegal-gouvernement\/","title":{"rendered":"Niger: un millier de \u00abmendiants\u00bb rapatri\u00e9s du S\u00e9n\u00e9gal (gouvernement)"},"content":{"rendered":"<div>\n<p><img decoding=\"async\" width=\"768\" height=\"522\" src=\"https:\/\/linitiative.ca\/International\/wp-content\/uploads\/sites\/23\/2022\/04\/16489342837296.jpg\" class=\"attachment-post-thumbnail size-post-thumbnail wp-post-image\" alt=\"\" loading=\"lazy\" srcset=\"https:\/\/linitiative.ca\/International\/wp-content\/uploads\/sites\/23\/2022\/04\/16489342837296.jpg 768w, https:\/\/www.journalducameroun.com\/wp-content\/uploads\/2022\/04\/16489342837296-300x204.jpg 300w, https:\/\/www.journalducameroun.com\/wp-content\/uploads\/2022\/04\/16489342837296-647x440.jpg 647w, https:\/\/www.journalducameroun.com\/wp-content\/uploads\/2022\/04\/16489342837296-600x408.jpg 600w\" sizes=\"auto, (max-width: 768px) 100vw, 768px\"><\/p>\n<p>Niamey entend rapatrier tous les Nig\u00e9riens mendiant \u00e0 l&rsquo;\u00e9tranger.Apr\u00e8s concertation entre Dakar et Niamey,\u00a0deux vols affr\u00e9t\u00e9s le 25 et 26 mars par le gouvernement nig\u00e9rien ont ramen\u00e9 de Dakar 478 enfants, 413 femmes et 162 hommes, tous ressortissants \u00abde Kantch\u00e9 et Magaria\u00bb, deux d\u00e9partements de la r\u00e9gion de Zinder (centre-est), proche du Nigeria.<\/p>\n<p>L&rsquo;annonce a \u00e9t\u00e9 faite dans un communiqu\u00e9 diffus\u00e9 vendredi soir \u00e0 la t\u00e9l\u00e9vision publique.\u00a0\u00a0<br \/>\n\t\u00a0<\/p>\n<p>Les autorit\u00e9s du Niger on r\u00e9agi apr\u00e8s la diffusion par les m\u00e9dias dakarois d&rsquo;un reportage\u00a0sur la situation des mendiants dans ce pays d&rsquo;Afrique de l&rsquo;Ouest. La s\u00e9quence\u00a0montrait la situation pr\u00e9caire des mendiants pour la majeure partie\u00a0des sans-abris ou dormant dans\u00a0des rues souterraines avec les\u00a0risques d&rsquo;ins\u00e9curit\u00e9.\u00a0<\/p>\n<p>De telles images ont alert\u00e9 les autorit\u00e9s nig\u00e9riennes qui ont aussit\u00f4t r\u00e9agi.\u00a0\u00abFace au ph\u00e9nom\u00e8ne grandissant de la mendicit\u00e9 qui d\u00e9grade l&rsquo;image de notre pays (&#8230;) et hypoth\u00e8que l&rsquo;avenir des enfants innocents, le gouvernement a d\u00e9cid\u00e9 de prendre des dispositions fortes pour y mettre fin\u00bb, indique le communiqu\u00e9 du gouvernement nig\u00e9rien.<\/p>\n<p>Le Niger est frapp\u00e9 depuis quelques ann\u00e9es par la s\u00e9cheresse et les violences jihadistes. Certaines r\u00e9gions du pays font face \u00e0 un exode des populations qui tentent de fuir la pr\u00e9carit\u00e9.\u00a0<\/p>\n<p>Dans cette politique de rapatrier de ses ressortissants,\u00a0Niamey compte\u00a0\u00abpoursuivre devant les juridictions comp\u00e9tentes\u00bb tous \u00ab ceux qui entretiennent ce r\u00e9seau criminel\u00bb et \u00abd&rsquo;autres op\u00e9rations de rapatriement de Nig\u00e9riens \u00bbqui pratiquent la mendicit\u00e9 \u00e0 l&rsquo;\u00e9tranger\u00ab seront lanc\u00e9es , ajoute-t-il.<\/p>\n<p>Dans la r\u00e9gion de Zinder, les autorit\u00e9s locales ont pour leur part ouvert une enqu\u00eate \u00ab en vue de d\u00e9manteler\u00a0\u00bb les r\u00e9seaux \u00ab qui convoient les mendiants \u00e0 l&rsquo;\u00e9tranger\u00bb.\u00a0<\/p>\n<p>Derri\u00e8re le ph\u00e9nom\u00e8ne de la mendicit\u00e9 qui ne serait\u00a0\u00a0qu&rsquo;un pr\u00e9texte, le gouvernement nig\u00e9rien soup\u00e7onne \u00ab des r\u00e9seaux mafieux organis\u00e9s qui proc\u00e8dent \u00e0 la traite et au trafic de ces \u00eatres humains\u00bb.<\/p>\n<p>Cet article <a rel=\"nofollow\" href=\"https:\/\/www.journalducameroun.com\/niger-un-millier-de-mendiants-rapatries-du-senegal-gouvernement\/\">Niger: un millier de \u00abmendiants\u00bb rapatri\u00e9s du S\u00e9n\u00e9gal (gouvernement)<\/a> est apparu en premier sur <a rel=\"nofollow\" href=\"https:\/\/www.journalducameroun.com\/\">Journal du Cameroun<\/a>.<\/p>\n<\/div>\n<p>Auteur: APA News<br \/>\n<a href=\"https:\/\/www.journalducameroun.com\/niger-un-millier-de-mendiants-rapatries-du-senegal-gouvernement\/\">Cliquez ici pour lire l&rsquo;article depuis sa source.<\/a><\/p>\n","protected":false},"excerpt":{"rendered":"<p>Niamey entend rapatrier tous les Nig\u00e9riens mendiant \u00e0 l&rsquo;\u00e9tranger.Apr\u00e8s concertation entre Dakar et Niamey,\u00a0deux vols affr\u00e9t\u00e9s le 25 et 26 mars par le gouvernement nig\u00e9rien ont ramen\u00e9 de Dakar 478 enfants, 413 femmes et 162 hommes, tous ressortissants \u00abde Kantch\u00e9 et Magaria\u00bb, deux d\u00e9partements de la r\u00e9gion de Zinder (centre-est), proche du Nigeria. L&rsquo;annonce a [&hellip;]<\/p>\n","protected":false},"author":1965,"featured_media":0,"comment_status":"closed","ping_status":"closed","sticky":false,"template":"","format":"standard","meta":{"fifu_image_url":"https:\/\/www.journalducameroun.com\/wp-content\/uploads\/2022\/04\/16489342837296.jpg","fifu_image_alt":"Niger: un millier de \u00abmendiants\u00bb rapatri\u00e9s du S\u00e9n\u00e9gal (gouvernement)","footnotes":""},"categories":[73,82],"tags":[],"class_list":["post-144592","post","type-post","status-publish","format-standard","hentry","category-actualite","category-cameroun"],"_links":{"self":[{"href":"https:\/\/linitiative.ca\/International\/wp-json\/wp\/v2\/posts\/144592","targetHints":{"allow":["GET"]}}],"collection":[{"href":"https:\/\/linitiative.ca\/International\/wp-json\/wp\/v2\/posts"}],"about":[{"href":"https:\/\/linitiative.ca\/International\/wp-json\/wp\/v2\/types\/post"}],"author":[{"embeddable":true,"href":"https:\/\/linitiative.ca\/International\/wp-json\/wp\/v2\/users\/1965"}],"replies":[{"embeddable":true,"href":"https:\/\/linitiative.ca\/International\/wp-json\/wp\/v2\/comments?post=144592"}],"version-history":[{"count":0,"href":"https:\/\/linitiative.ca\/International\/wp-json\/wp\/v2\/posts\/144592\/revisions"}],"wp:attachment":[{"href":"https:\/\/linitiative.ca\/International\/wp-json\/wp\/v2\/media?parent=144592"}],"wp:term":[{"taxonomy":"category","embeddable":true,"href":"https:\/\/linitiative.ca\/International\/wp-json\/wp\/v2\/categories?post=144592"},{"taxonomy":"post_tag","embeddable":true,"href":"https:\/\/linitiative.ca\/International\/wp-json\/wp\/v2\/tags?post=144592"}],"curies":[{"name":"wp","href":"https:\/\/api.w.org\/{rel}","templated":true}]}}