{"id":144599,"date":"2022-04-02T17:30:22","date_gmt":"2022-04-02T21:30:22","guid":{"rendered":"https:\/\/linitiative.ca\/International\/lancement-dune-liaison-aerienne-directe-entre-les-iles-canaries-et-guelmim\/"},"modified":"2022-04-02T17:30:22","modified_gmt":"2022-04-02T21:30:22","slug":"lancement-dune-liaison-aerienne-directe-entre-les-iles-canaries-et-guelmim","status":"publish","type":"post","link":"https:\/\/linitiative.ca\/International\/lancement-dune-liaison-aerienne-directe-entre-les-iles-canaries-et-guelmim\/","title":{"rendered":"Lancement d\u2019une liaison a\u00e9rienne directe entre les \u00eeles Canaries et Guelmim"},"content":{"rendered":"<div>\n<p><img loading=\"lazy\" decoding=\"async\" width=\"300\" height=\"153\" src=\"https:\/\/linitiative.ca\/International\/wp-content\/uploads\/sites\/23\/2022\/04\/Avion-Binter-Canarias-300x153-1.jpg\" class=\"attachment-medium size-medium wp-post-image\" alt=\"\" srcset=\"https:\/\/linitiative.ca\/International\/wp-content\/uploads\/sites\/23\/2022\/04\/Avion-Binter-Canarias-300x153-1.jpg 300w, https:\/\/aujourdhui.ma\/wp-content\/uploads\/2020\/02\/Avion-Binter-Canarias.jpg 746w\" sizes=\"auto, (max-width: 300px) 100vw, 300px\"><\/p>\n<p><span style=\"color: #800000;\"><strong>La compagnie a\u00e9rienne espagnole Binter, bas\u00e9e aux Iles Canaries, a lanc\u00e9 samedi une nouvelle liaison a\u00e9rienne directe entre Grande Canarie et Guelmim, \u00e0 une fr\u00e9quence de deux vols par semaine.<\/strong><\/span><span id=\"more-404140\"><\/span><\/p>\n<p>Un avion ATR 72 d\u2019une capacit\u00e9 de 72 passagers de la compagnie lowcost a ainsi atterri, samedi en fin de matin\u00e9e, \u00e0 l\u2019a\u00e9roport de Guelmim, marquant l\u2019inauguration officielle de cette nouvelle desserte a\u00e9rienne.<\/p>\n<p>A son arriv\u00e9e \u00e0 Guelmim, l\u2019avion de la compagnie Binter a \u00e9t\u00e9 accueilli sous des jets d\u2019eau, comme le veut la tradition.<\/p>\n<p>La nouvelle desserte assurera deux vols hebdomadaires aller-retour, mercredi et samedi, entre le chef-lieu de la r\u00e9gion Guelmim Oued-Noun et Grande Canarie.<\/p>\n<p>Dans une d\u00e9claration \u00e0 la presse, le directeur de l\u2019a\u00e9roport de Guelmim, Abdelwahab Chaabaoui, a indiqu\u00e9 que cette liaison a\u00e9rienne repr\u00e9sente la premi\u00e8re desserte internationale reliant l\u2019a\u00e9roport de Guelmim, ce qui est d\u2019un grand int\u00e9r\u00eat pour la population de la r\u00e9gion Guelmim Oued-Noun, dont plusieurs membres r\u00e9sident dans les \u00eeles Canaries.<\/p>\n<p>Il a \u00e9galement \u00e9mis le souhait que l\u2019a\u00e9roport de la ville soit reli\u00e9 dans l\u2019avenir \u00e0 d\u2019autres destinations internationales, \u00e0 m\u00eame de promouvoir l\u2019activit\u00e9 touristique dans la r\u00e9gion.<\/p>\n<p>De son c\u00f4t\u00e9, le repr\u00e9sentant de la compagnie Binter \u00e0 Guelmim, Ahmed Ikour, a estim\u00e9 que cette premi\u00e8re liaison entre Guelmim et les Canaries est tr\u00e8s prometteuse, \u00e9tant donn\u00e9 qu\u2019une importante communaut\u00e9 marocaine originaire de Guelmim Oued-Noun r\u00e9side dans ces \u00eeles, en plus des grandes potentialit\u00e9s \u00e9conomiques de la r\u00e9gion.<\/p>\n<p>Pour sa part, le directeur de d\u00e9veloppement commercial de Binter, Pablo Landrau Villalobos, a exprim\u00e9 sa satisfaction du lancement de cette nouvelle liaison a\u00e9rienne, gr\u00e2ce \u00e0 l\u2019appui des diff\u00e9rents acteurs dans la r\u00e9gion, notamment au niveau du conseil de la r\u00e9gion Guelmim Oued-Noun.<\/p>\n<p>Et d\u2019ajouter qu\u2019avec cette desserte \u00ab\u00a0une nouvelle \u00e8re s\u2019ouvre\u00a0\u00bb pour les deux c\u00f4t\u00e9s, les \u00eeles Canaries et la r\u00e9gion Guelmim Oued-Noun, tout en affirmant que cette nouvelle route a\u00e9rienne sera couronn\u00e9e de succ\u00e8s.<\/p>\n<p>De son c\u00f4t\u00e9, le premier vice-pr\u00e9sident du conseil de la r\u00e9gion Guelmim Oued-Noun, Ahmed Idzidane, a indiqu\u00e9 que le lancement de cette liaison s\u2019inscrit dans le cadre de l\u2019accord de partenariat (2019) entre le conseil et la compagnie Binter, auquel la r\u00e9gion a contribu\u00e9 \u00e0 hauteur de 7,5 million DH.<\/p>\n<p>Il a \u00e9galement pr\u00e9cis\u00e9 que cette liaison rentre dans le cadre des incitations \u00e0 l\u2019investissement et le renforcement des services de proximit\u00e9 pour la population de la r\u00e9gion, dont un nombre important r\u00e9side dans les \u00eeles Canaries, estimant que cette desserte ouvrira de nouvelles horizons et aura un impact positif sur le d\u00e9veloppement r\u00e9gional.<\/p>\n<\/div>\n<p>Auteur: ALM<br \/>\n<a href=\"https:\/\/aujourdhui.ma\/actualite\/lancement-dune-liaison-aerienne-directe-entre-les-iles-canaries-et-guelmim\">Cliquez ici pour lire l&rsquo;article depuis sa source.<\/a><\/p>\n","protected":false},"excerpt":{"rendered":"<p>La compagnie a\u00e9rienne espagnole Binter, bas\u00e9e aux Iles Canaries, a lanc\u00e9 samedi une nouvelle liaison a\u00e9rienne directe entre Grande Canarie et Guelmim, \u00e0 une fr\u00e9quence de deux vols par semaine. Un avion ATR 72 d\u2019une capacit\u00e9 de 72 passagers de la compagnie lowcost a ainsi atterri, samedi en fin de matin\u00e9e, \u00e0 l\u2019a\u00e9roport de Guelmim, [&hellip;]<\/p>\n","protected":false},"author":1759,"featured_media":0,"comment_status":"closed","ping_status":"closed","sticky":false,"template":"","format":"standard","meta":{"fifu_image_url":"https:\/\/aujourdhui.ma\/wp-content\/uploads\/2020\/02\/Avion-Binter-Canarias-300x153.jpg","fifu_image_alt":"Lancement d\u2019une liaison a\u00e9rienne directe entre les \u00eeles Canaries et Guelmim","footnotes":""},"categories":[73,54],"tags":[],"class_list":["post-144599","post","type-post","status-publish","format-standard","hentry","category-actualite","category-maroc"],"_links":{"self":[{"href":"https:\/\/linitiative.ca\/International\/wp-json\/wp\/v2\/posts\/144599","targetHints":{"allow":["GET"]}}],"collection":[{"href":"https:\/\/linitiative.ca\/International\/wp-json\/wp\/v2\/posts"}],"about":[{"href":"https:\/\/linitiative.ca\/International\/wp-json\/wp\/v2\/types\/post"}],"author":[{"embeddable":true,"href":"https:\/\/linitiative.ca\/International\/wp-json\/wp\/v2\/users\/1759"}],"replies":[{"embeddable":true,"href":"https:\/\/linitiative.ca\/International\/wp-json\/wp\/v2\/comments?post=144599"}],"version-history":[{"count":0,"href":"https:\/\/linitiative.ca\/International\/wp-json\/wp\/v2\/posts\/144599\/revisions"}],"wp:attachment":[{"href":"https:\/\/linitiative.ca\/International\/wp-json\/wp\/v2\/media?parent=144599"}],"wp:term":[{"taxonomy":"category","embeddable":true,"href":"https:\/\/linitiative.ca\/International\/wp-json\/wp\/v2\/categories?post=144599"},{"taxonomy":"post_tag","embeddable":true,"href":"https:\/\/linitiative.ca\/International\/wp-json\/wp\/v2\/tags?post=144599"}],"curies":[{"name":"wp","href":"https:\/\/api.w.org\/{rel}","templated":true}]}}