{"id":144601,"date":"2022-04-03T09:18:20","date_gmt":"2022-04-03T13:18:20","guid":{"rendered":"https:\/\/linitiative.ca\/International\/video-les-moments-forts-de-la-4e-edition-des-industry-meeting-days-morocco\/"},"modified":"2022-04-03T09:18:20","modified_gmt":"2022-04-03T13:18:20","slug":"video-les-moments-forts-de-la-4e-edition-des-industry-meeting-days-morocco","status":"publish","type":"post","link":"https:\/\/linitiative.ca\/International\/video-les-moments-forts-de-la-4e-edition-des-industry-meeting-days-morocco\/","title":{"rendered":"Vid\u00e9o: Les moments forts de la 4\u00e8 \u00e9dition des \u00ab\u00a0Industry Meeting Days Morocco\u00a0\u00bb"},"content":{"rendered":"<div>\n<p><img loading=\"lazy\" decoding=\"async\" width=\"300\" height=\"153\" src=\"https:\/\/linitiative.ca\/International\/wp-content\/uploads\/sites\/23\/2022\/04\/Ryad-Mezzour-et-Younes-Sekkouri-4eCC80mes-industry-meeting-days-300x153-1.jpg\" class=\"attachment-medium size-medium wp-post-image\" alt=\"\" srcset=\"https:\/\/linitiative.ca\/International\/wp-content\/uploads\/sites\/23\/2022\/04\/Ryad-Mezzour-et-Younes-Sekkouri-4eCC80mes-industry-meeting-days-300x153-1.jpg 300w, https:\/\/aujourdhui.ma\/wp-content\/uploads\/2022\/04\/Ryad-Mezzour-et-Younes-Sekkouri-4e\u0300mes-industry-meeting-days-274x140.jpg 274w, https:\/\/aujourdhui.ma\/wp-content\/uploads\/2022\/04\/Ryad-Mezzour-et-Younes-Sekkouri-4e\u0300mes-industry-meeting-days.jpg 746w, https:\/\/aujourdhui.ma\/wp-content\/uploads\/2022\/04\/Ryad-Mezzour-et-Younes-Sekkouri-4e\u0300mes-industry-meeting-days-165x84.jpg 165w, https:\/\/aujourdhui.ma\/wp-content\/uploads\/2022\/04\/Ryad-Mezzour-et-Younes-Sekkouri-4e\u0300mes-industry-meeting-days-702x358.jpg 702w\" sizes=\"auto, (max-width: 300px) 100vw, 300px\"><\/p>\n<p><span style=\"font-size: 20px; color: #800000;\"><strong>La ville de Tanger a abrit\u00e9 vendredi 1er avril les travaux de la 4\u00e8 \u00e9dition des \u00ab\u00a0Industry Meeting Days Morocco\u00a0\u00bb, en pr\u00e9sence d\u2019un parterre d\u2019experts, d\u2019institutionnels, d\u2019universitaires et d\u2019industriels marocains et \u00e9trangers.<\/strong><\/span><br \/>\n<span id=\"more-404142\"><\/span><\/p>\n<p>Organis\u00e9 par Industrie du Maroc Magazine, sous l\u2019\u00e9gide du minist\u00e8re de l\u2019Industrie et du commerce, cet \u00e9v\u00e9nement vise \u00e0 cr\u00e9er une synergie entre les pouvoirs publics et les parties prenantes du secteur industriel autour de la Souverainet\u00e9 industrielle.<br \/>\nCette manifestation, plac\u00e9e sous le th\u00e8me \u00ab\u00a0La Souverainet\u00e9 industrielle, \u00e9nerg\u00e9tique, sanitaire et alimentaire au service du d\u00e9veloppement des territoires, de l\u2019investissement et de l\u2019emploi\u00a0\u00bb ambitionne \u00e9galement de mobiliser les pouvoirs publics, ainsi que les acteurs et les d\u00e9cideurs territoriaux, industriels et sociaux dans une tribune de concertation pour dessiner les contours d\u2019une d\u00e9clinaison ad\u00e9quate et efficace des nouvelles priorit\u00e9s nationales du secteur industriel. Retour sur les moments forts de cet \u00e9v\u00e8nement.<\/p>\n<p><strong>Reportage Chafik Arich<\/strong><\/p>\n<\/div>\n<p>Auteur: ALM<br \/>\n<a href=\"https:\/\/aujourdhui.ma\/videos\/video-les-moments-forts-de-la-4e-edition-des-industry-meeting-days-morocco\">Cliquez ici pour lire l&rsquo;article depuis sa source.<\/a><\/p>\n","protected":false},"excerpt":{"rendered":"<p>La ville de Tanger a abrit\u00e9 vendredi 1er avril les travaux de la 4\u00e8 \u00e9dition des \u00ab\u00a0Industry Meeting Days Morocco\u00a0\u00bb, en pr\u00e9sence d\u2019un parterre d\u2019experts, d\u2019institutionnels, d\u2019universitaires et d\u2019industriels marocains et \u00e9trangers. Organis\u00e9 par Industrie du Maroc Magazine, sous l\u2019\u00e9gide du minist\u00e8re de l\u2019Industrie et du commerce, cet \u00e9v\u00e9nement vise \u00e0 cr\u00e9er une synergie entre [&hellip;]<\/p>\n","protected":false},"author":1759,"featured_media":0,"comment_status":"closed","ping_status":"closed","sticky":false,"template":"","format":"standard","meta":{"fifu_image_url":"https:\/\/aujourdhui.ma\/wp-content\/uploads\/2022\/04\/Ryad-Mezzour-et-Younes-Sekkouri-4e\u0300mes-industry-meeting-days-300x153.jpg","fifu_image_alt":"Vid\u00e9o: Les moments forts de la 4\u00e8 \u00e9dition des \u00ab\u00a0Industry Meeting Days Morocco\u00a0\u00bb","footnotes":""},"categories":[73,54],"tags":[],"class_list":["post-144601","post","type-post","status-publish","format-standard","hentry","category-actualite","category-maroc"],"_links":{"self":[{"href":"https:\/\/linitiative.ca\/International\/wp-json\/wp\/v2\/posts\/144601","targetHints":{"allow":["GET"]}}],"collection":[{"href":"https:\/\/linitiative.ca\/International\/wp-json\/wp\/v2\/posts"}],"about":[{"href":"https:\/\/linitiative.ca\/International\/wp-json\/wp\/v2\/types\/post"}],"author":[{"embeddable":true,"href":"https:\/\/linitiative.ca\/International\/wp-json\/wp\/v2\/users\/1759"}],"replies":[{"embeddable":true,"href":"https:\/\/linitiative.ca\/International\/wp-json\/wp\/v2\/comments?post=144601"}],"version-history":[{"count":0,"href":"https:\/\/linitiative.ca\/International\/wp-json\/wp\/v2\/posts\/144601\/revisions"}],"wp:attachment":[{"href":"https:\/\/linitiative.ca\/International\/wp-json\/wp\/v2\/media?parent=144601"}],"wp:term":[{"taxonomy":"category","embeddable":true,"href":"https:\/\/linitiative.ca\/International\/wp-json\/wp\/v2\/categories?post=144601"},{"taxonomy":"post_tag","embeddable":true,"href":"https:\/\/linitiative.ca\/International\/wp-json\/wp\/v2\/tags?post=144601"}],"curies":[{"name":"wp","href":"https:\/\/api.w.org\/{rel}","templated":true}]}}