{"id":144606,"date":"2022-04-03T10:21:15","date_gmt":"2022-04-03T14:21:15","guid":{"rendered":"https:\/\/linitiative.ca\/International\/sprint-final-dans-la-presidentielle-en-france\/"},"modified":"2022-04-03T10:21:15","modified_gmt":"2022-04-03T14:21:15","slug":"sprint-final-dans-la-presidentielle-en-france","status":"publish","type":"post","link":"https:\/\/linitiative.ca\/International\/sprint-final-dans-la-presidentielle-en-france\/","title":{"rendered":"Sprint final dans la pr\u00e9sidentielle en France"},"content":{"rendered":"<div>\n<p class=\"has-text-align-center has-vivid-red-color has-text-color\"><strong>M\u00e9lenchon et P\u00e9cresse en meeting<\/strong><\/p>\n<p class=\"has-vivid-cyan-blue-color has-text-color\"><strong>Sprint final dans l\u2019\u00e9lection pr\u00e9sidentielle \u00e0 une semaine du premier tour. Apr\u00e8s Emmanuel Macron, le leader insoumis Jean-Luc M\u00e9lenchon, donn\u00e9 en troisi\u00e8me position dans les sondages, rassemble dimanche ses troupes \u00e0 Toulouse et la candidate de droite Val\u00e9rie P\u00e9cresse les siennes \u00e0 Paris.<\/strong><\/p>\n<p>C\u2019est la derni\u00e8re ligne droite dans cette campagne hors norme touch\u00e9e de plein fouet par la crise du Covid et la guerre en Ukraine. Avec un d\u00e9fi de taille pour les 12 pr\u00e9tendants \u00e0 l\u2019Elys\u00e9e: mobiliser leurs partisans, aller chercher les ind\u00e9cis et ceux tent\u00e9s par une abstention potentiellement \u00e9lev\u00e9e.<\/p>\n<p>\u00ab\u00a0Bien s\u00fbr\u00a0\u00bb qu\u2019Emmanuel Macron peut perdre, a affirm\u00e9 le chef de file ds d\u00e9put\u00e9s de la majorit\u00e9 Christophe Castaner dimanche sur RMC, \u00ab\u00a0ce serait une faute politique\u00a0\u00bb, une \u00ab\u00a0arrogance\u00a0\u00bb, que \u00ab\u00a0de laisser penser qu\u2019une \u00e9lection est pli\u00e9e d\u2019avance\u00a0\u00bb.<\/p>\n<p>Les derniers jours de campagne sont \u00e9lectris\u00e9s par un \u00e9cart qui se resserre dans les sondages entre M. Macron, candidat du \u00ab\u00a0en m\u00eame temps\u00a0\u00bb, et sa rivale d\u2019extr\u00eame droite Marine Le Pen (RN), qui surfe sur une inflation galopante et met le pouvoir d\u2019achat au coeur de sa campagne.<\/p>\n<p>Lors d\u2019un meeting g\u00e9ant samedi aux accents plus sociaux, M. Macron a appel\u00e9 \u00e0 la \u00ab\u00a0mobilisation g\u00e9n\u00e9rale\u00a0\u00bb contre les \u00ab\u00a0extr\u00e9mismes\u00a0\u00bb et le \u00ab\u00a0grand rabougrissement\u00a0\u00bb.<\/p>\n<p>Les solutions de Mme Le Pen \u00ab\u00a0ne sont pas financ\u00e9es: elle reprendrait donc d\u2019une main ce qu\u2019elle donne de l\u2019autre\u00a0\u00bb, a d\u00e9nonc\u00e9 dans le JDD le porte-parole du gouvernement Gabriel Attal. \u00ab\u00a0La question de la fraternit\u00e9 n\u2019existe pas\u00a0\u00bb dans son programme, a abond\u00e9 M. Castaner.<\/p>\n<p>Face au remake de 2017 annonc\u00e9, le candidat de gauche le mieux plac\u00e9 (autour de 15%) Jean-Luc M\u00e9lenchon esp\u00e8re d\u00e9crocher un billet en finale.<\/p>\n<p>Pour concr\u00e9tiser cette \u00ab\u00a0remontada\u00a0\u00bb esp\u00e9r\u00e9e, il bat le rappel sur l\u2019embl\u00e9matique place du Capitole \u00e0 Toulouse, dans une r\u00e9gion historiquement de gauche, sous les fen\u00eatres du maire LR et \u00ab\u00a0Macron-compatible\u00a0\u00bb Jean-Luc Moudenc. La Ville rose constituait un des bastions du mouvement des \u00ab\u00a0gilets jaunes\u00a0\u00bb en 2018\/19. Son entourage esp\u00e8re \u00ab\u00a0remplir la place\u00a0\u00bb.<\/p>\n<p>\u00ab\u00a0En derni\u00e8re ligne droite, les choses se cristallisent, ce qui a tendance \u00e0 amplifier les dynamiques d\u00e9j\u00e0 existantes\u00a0\u00bb, affirme son directeur de campagne Manuel Bompard.<\/p>\n<p>A l\u2019issue d\u2019une rencontre avec des restaurateurs parisiens, le leader insoumis a jug\u00e9 samedi que \u00ab\u00a0Le Pen pr\u00e9sentait la m\u00eame fragilit\u00e9 que M. Macron, leur profonde indiff\u00e9rence \u00e0 la maltraitance sociale\u00a0\u00bb.<\/p>\n<p>En 2017, il avait profit\u00e9 de la derni\u00e8re ligne droite pour cr\u00e9er une dynamique et \u00e9tait arriv\u00e9 en quatri\u00e8me position (19,58%) juste derri\u00e8re le candidat de droite Fran\u00e7ois Fillon (20,01%).<\/p>\n<p>Mais l\u2019insoumis, qui plaide pour un \u00ab\u00a0vote utile\u00a0\u00bb, est loin de faire l\u2019unanimit\u00e9 au sein d\u2019une gauche divis\u00e9e et affaiblie, avec l\u2019\u00e9cologiste Yannick Jadot donn\u00e9 autour de 5-6%, le communiste Fabien Roussel (autour de 4%) et surtout la candidate socialiste Anne Hidalgo donn\u00e9e \u00e0 un niveau historiquement bas (autour de 2%).<\/p>\n<p>A droite aussi, d\u2019aucuns pensent d\u00e9j\u00e0 \u00e0 l\u2019apr\u00e8s. Mais la candidate des R\u00e9publicains, au coude \u00e0 coude avec l\u2019ancien pol\u00e9miste d\u2019extr\u00eame droite Eric Zemmour (autour de 10%), tentera de mobiliser en meeting \u00e0 Paris dimanche un \u00e9lectorat tr\u00e8s courtis\u00e9 par ses adversaires, de l\u2019extr\u00eame droite au candidat Macron.<\/p>\n<p>Le chef de file des s\u00e9nateurs LR Bruno Retailleau a fustig\u00e9 sur Europe1\/Cnews\/LesEchos chez Emmanuel Macron un \u00ab\u00a0com\u00e9dien\u00a0\u00bb qui a nourri un \u00ab\u00a0sentiment de d\u00e9classement d\u2019appauvrissement\u00a0\u00bb. Au Palais des sports, Val\u00e9rie P\u00e9cresse devraient d\u00e9velopper \u00ab\u00a0les grands axes\u00a0\u00bb de sa campagne: le r\u00e9galien avec une grande fermet\u00e9 sur la s\u00e9curit\u00e9, et le pouvoir d\u2019achat avec \u00ab\u00a010% de hausse des salaires\u00a0\u00bb.<\/p>\n<p>Meetings aussi \u00e0 Paris pour Anne Hidalgo, qui va parler de la jeunesse, \u00e0 laquelle elle propose dans le JDD une \u00ab\u00a0loi d\u2019urgence\u00a0\u00bb, avec des mesures suppl\u00e9mentaires par rapport \u00e0 son programme en raison de l\u2019inflation, comme la gratuit\u00e9 des frais d\u2019inscription en \u00e9tudes sup\u00e9rieures publiques.<\/p>\n<p>Yannick Jadot est en d\u00e9placement \u00e0 Nanterre pour rencontrer les militants, Nathalie Arthaud (LO) est en meeting au Z\u00e9nith de Paris, et Philippe Poutou (NPA) participera \u00e0 une manifestation contre l\u2019extr\u00eame droite dans la capitale.<\/p>\n<p>L\u2019article <a rel=\"nofollow\" href=\"http:\/\/albayane.press.ma\/sprint-final-dans-la-presidentielle-en-france.html\">Sprint final dans la pr\u00e9sidentielle en France<\/a> est apparu en premier sur <a rel=\"nofollow\" href=\"http:\/\/albayane.press.ma\/\">ALBAYANE<\/a>.<\/p>\n<\/div>\n<p>Auteur: M&rsquo;hammed rahal<br \/>\n<a href=\"http:\/\/albayane.press.ma\/sprint-final-dans-la-presidentielle-en-france.html\">Cliquez ici pour lire l&rsquo;article depuis sa source.<\/a><\/p>\n","protected":false},"excerpt":{"rendered":"<p>M\u00e9lenchon et P\u00e9cresse en meeting Sprint final dans l\u2019\u00e9lection pr\u00e9sidentielle \u00e0 une semaine du premier tour. Apr\u00e8s Emmanuel Macron, le leader insoumis Jean-Luc M\u00e9lenchon, donn\u00e9 en troisi\u00e8me position dans les sondages, rassemble dimanche ses troupes \u00e0 Toulouse et la candidate de droite Val\u00e9rie P\u00e9cresse les siennes \u00e0 Paris. C\u2019est la derni\u00e8re ligne droite dans cette [&hellip;]<\/p>\n","protected":false},"author":1760,"featured_media":0,"comment_status":"closed","ping_status":"closed","sticky":false,"template":"","format":"standard","meta":{"fifu_image_url":"","fifu_image_alt":"","footnotes":""},"categories":[73,54],"tags":[],"class_list":["post-144606","post","type-post","status-publish","format-standard","hentry","category-actualite","category-maroc"],"_links":{"self":[{"href":"https:\/\/linitiative.ca\/International\/wp-json\/wp\/v2\/posts\/144606","targetHints":{"allow":["GET"]}}],"collection":[{"href":"https:\/\/linitiative.ca\/International\/wp-json\/wp\/v2\/posts"}],"about":[{"href":"https:\/\/linitiative.ca\/International\/wp-json\/wp\/v2\/types\/post"}],"author":[{"embeddable":true,"href":"https:\/\/linitiative.ca\/International\/wp-json\/wp\/v2\/users\/1760"}],"replies":[{"embeddable":true,"href":"https:\/\/linitiative.ca\/International\/wp-json\/wp\/v2\/comments?post=144606"}],"version-history":[{"count":0,"href":"https:\/\/linitiative.ca\/International\/wp-json\/wp\/v2\/posts\/144606\/revisions"}],"wp:attachment":[{"href":"https:\/\/linitiative.ca\/International\/wp-json\/wp\/v2\/media?parent=144606"}],"wp:term":[{"taxonomy":"category","embeddable":true,"href":"https:\/\/linitiative.ca\/International\/wp-json\/wp\/v2\/categories?post=144606"},{"taxonomy":"post_tag","embeddable":true,"href":"https:\/\/linitiative.ca\/International\/wp-json\/wp\/v2\/tags?post=144606"}],"curies":[{"name":"wp","href":"https:\/\/api.w.org\/{rel}","templated":true}]}}