{"id":144607,"date":"2022-04-03T10:25:36","date_gmt":"2022-04-03T14:25:36","guid":{"rendered":"https:\/\/linitiative.ca\/International\/la-forte-dependance-de-berlin-du-gaz-russe\/"},"modified":"2022-04-03T10:25:36","modified_gmt":"2022-04-03T14:25:36","slug":"la-forte-dependance-de-berlin-du-gaz-russe","status":"publish","type":"post","link":"https:\/\/linitiative.ca\/International\/la-forte-dependance-de-berlin-du-gaz-russe\/","title":{"rendered":"La forte d\u00e9pendance de Berlin du gaz russe"},"content":{"rendered":"<div>\n<p class=\"has-text-align-right\"><strong>Nabil\u00a0El Bousaadi<\/strong><\/p>\n<p class=\"has-white-color has-pale-cyan-blue-background-color has-text-color has-background\"><strong>Avec l\u2019offensive russe sur l\u2019Ukraine, ce que l\u2019Allemagne, qui importe 55% de son gaz de Russie, croyait \u00eatre un march\u00e9 win-win \u2013 sur le plan g\u00e9opolitique, notamment \u2013 est apparu, dans la r\u00e9alit\u00e9, comme \u00e9tant non seulement un levier gr\u00e2ce auquel Moscou peut faire pression sur l\u2019Europe mais, \u00e9galement, une v\u00e9ritable bombe \u00e0 retardement qui a plong\u00e9 le vieux continent dans cette grande confusion qui a \u00e9t\u00e9 accentu\u00e9e lorsque, pour contrecarrer les sanctions que l\u2019UE a d\u00e9cid\u00e9 d\u2019infliger \u00e0 son pays, le pr\u00e9sident Poutine a exig\u00e9 que les livraisons de gaz russe soit pay\u00e9es en roubles et non plus en dollars ou en euros.<\/strong><\/p>\n<p>Ayant donc pris tr\u00e8s au s\u00e9rieux la menace d\u2019un arr\u00eat imminent des livraisons de gaz russe par Moscou mais aussi le fait que le G7 a rejet\u00e9 la demande russe de paiement en roubles, le gouvernement allemand, contraint de garantir la s\u00e9curit\u00e9 de son approvisionnement en gaz naturel, a d\u00e9clench\u00e9 le premier niveau de son plan d\u2019urgence\u00a0en mettant en place une cellule de crise charg\u00e9e de superviser la situation.<\/p>\n<p>Aussi, pour alerter l\u2019opinion publique sur les effets d\u2019une telle d\u00e9cision, le ministre de l\u2019\u00e9conomie et du climat, Robert Habeck (Verts), a lanc\u00e9 une campagne d\u2019information rappelant que le pays se trouve dans une situation qui impose un rationnement car \u00abchaque kilowattheure d\u2019\u00e9nergie \u00e9conomis\u00e9e est utile\u00bb.<\/p>\n<p>De son c\u00f4t\u00e9, face \u00e0 la gravit\u00e9 des cons\u00e9quences auxquelles l\u2019\u00e9conomie allemande pourrait \u00eatre confront\u00e9e, le chancelier Scholz avait affirm\u00e9, pr\u00e9c\u00e9demment, lors d\u2019une \u00e9mission de t\u00e9l\u00e9vision, que \u00abla question n\u2019est pas de savoir si nous allons baisser le chauffage de quelques degr\u00e9s (mais) si nous allons pouvoir approvisionner certaines structures\u00bb. Il avait m\u00eame ajout\u00e9 qu\u2019un \u00abnombre incroyable d\u2019emplois\u00bb seront touch\u00e9s \u00abparce que beaucoup de processus industriels d\u00e9pendent du charbon, du gaz et du p\u00e9trole\u00bb.<\/p>\n<p>Mais le rejet, par le gouvernement allemand, d\u2019un embargo imm\u00e9diat sur le gaz et le p\u00e9trole russe, ne fait pas l\u2019unanimit\u00e9 dans le pays car certains consid\u00e8rent que, bien qu\u2019elle soit radicale, cette solution reste \u00ab\u00a0moralement n\u00e9cessaire et \u00e9conomiquement g\u00e9rable\u00a0\u00bb.<\/p>\n<p>C\u2019est \u00e0 ce titre que le d\u00e9put\u00e9 conservateur Norbert R\u00f6ttgen, importante figure de la CDU, faisant partie de ceux, nombreux, qui d\u00e9noncent le refus du gouvernement d\u2019arr\u00eater les importations d\u2019hydrocarbures russes, a appel\u00e9 ses concitoyens \u00e0 faire tout ce qui est en leur pouvoir \u00ab\u00a0pour soutenir les Ukrainiens dans leur combat contre Poutine et pour la libert\u00e9\u00bb en acceptant de mettre un terme, d\u00e8s \u00e0 pr\u00e9sent, aux \u00abaffaires gazi\u00e8res et p\u00e9troli\u00e8res\u00bb car \u00ab\u00a0pr\u00e8s d\u2019un milliard d\u2019euros sont vers\u00e9s, chaque jour, dans les coffres de guerre de Poutine\u00bb\u00a0; ce qui va \u00e0 l\u2019encontre des \u00absanctions (europ\u00e9ennes)\u00a0 contre la banque centrale russe\u00bb.<\/p>\n<p>En abondant dans le m\u00eame sens, Christoph Heusgen, l\u2019ancien conseiller diplomatique d\u2019Angela Merkel, a tenu \u00e0 pr\u00e9ciser, de son c\u00f4t\u00e9, que l\u2019Allemagne d\u00e9tient \u00abassez de gaz pour finir l\u2019hiver (et que) pour l\u2019\u00e9t\u00e9, les allemands ont montr\u00e9 une telle solidarit\u00e9 avec les ukrainiens qu\u2019ils soutiendraient (un embargo) m\u00eame s\u2019il fait un peu plus froid dans leur salon\u00bb.<\/p>\n<p>Or, m\u00eame si la t\u00e2che est plus rude pour l\u2019Allemagne, qui importe, de Russie, plus de la moiti\u00e9 de ses besoins en hydrocarbures, le poids de l\u2019\u00e9conomie allemande en Europe et l\u2019int\u00e9gration des \u00e9conomies de l\u2019UE font que l\u2019urgence de la r\u00e9action de Berlin pour se passer du gaz russe concerne tous ses partenaires europ\u00e9ens et ce, d\u2019autant plus que la perspective d\u2019\u00eatre accul\u00e9s \u00e0 g\u00e9rer une \u00ab\u00e9conomie de guerre\u00bb n\u00e9cessite une importante coordination et une grande solidarit\u00e9 entre les pays de l\u2019Union europ\u00e9enne.<\/p>\n<p>Mais, en ayant pr\u00e9sent \u00e0 l\u2019esprit qu\u2019en appelant le 30 mars dernier, le chancelier allemand Olaf Scholz et le Premier ministre italien, Mario Draghi, le Pr\u00e9sident Poutine qui voulait ouvrir une br\u00e8che dans l\u2019unit\u00e9 europ\u00e9enne avait mis \u00e0 nu sa grande d\u00e9pendance des ressources financi\u00e8res g\u00e9n\u00e9r\u00e9es par le gaz russe, nul ne sait comment va se terminer le bras-de-fer auquel que se livrent Moscou et les pays de l\u2019UE mais attendons pour voir\u2026<\/p>\n<p>L\u2019article <a rel=\"nofollow\" href=\"http:\/\/albayane.press.ma\/la-forte-dependance-de-berlin-du-gaz-russe.html\">La forte d\u00e9pendance de Berlin du gaz russe<\/a> est apparu en premier sur <a rel=\"nofollow\" href=\"http:\/\/albayane.press.ma\/\">ALBAYANE<\/a>.<\/p>\n<\/div>\n<p>Auteur: M&rsquo;hammed rahal<br \/>\n<a href=\"http:\/\/albayane.press.ma\/la-forte-dependance-de-berlin-du-gaz-russe.html\">Cliquez ici pour lire l&rsquo;article depuis sa source.<\/a><\/p>\n","protected":false},"excerpt":{"rendered":"<p>Nabil\u00a0El Bousaadi Avec l\u2019offensive russe sur l\u2019Ukraine, ce que l\u2019Allemagne, qui importe 55% de son gaz de Russie, croyait \u00eatre un march\u00e9 win-win \u2013 sur le plan g\u00e9opolitique, notamment \u2013 est apparu, dans la r\u00e9alit\u00e9, comme \u00e9tant non seulement un levier gr\u00e2ce auquel Moscou peut faire pression sur l\u2019Europe mais, \u00e9galement, une v\u00e9ritable bombe \u00e0 [&hellip;]<\/p>\n","protected":false},"author":1760,"featured_media":0,"comment_status":"closed","ping_status":"closed","sticky":false,"template":"","format":"standard","meta":{"fifu_image_url":"","fifu_image_alt":"","footnotes":""},"categories":[73,54],"tags":[],"class_list":["post-144607","post","type-post","status-publish","format-standard","hentry","category-actualite","category-maroc"],"_links":{"self":[{"href":"https:\/\/linitiative.ca\/International\/wp-json\/wp\/v2\/posts\/144607","targetHints":{"allow":["GET"]}}],"collection":[{"href":"https:\/\/linitiative.ca\/International\/wp-json\/wp\/v2\/posts"}],"about":[{"href":"https:\/\/linitiative.ca\/International\/wp-json\/wp\/v2\/types\/post"}],"author":[{"embeddable":true,"href":"https:\/\/linitiative.ca\/International\/wp-json\/wp\/v2\/users\/1760"}],"replies":[{"embeddable":true,"href":"https:\/\/linitiative.ca\/International\/wp-json\/wp\/v2\/comments?post=144607"}],"version-history":[{"count":0,"href":"https:\/\/linitiative.ca\/International\/wp-json\/wp\/v2\/posts\/144607\/revisions"}],"wp:attachment":[{"href":"https:\/\/linitiative.ca\/International\/wp-json\/wp\/v2\/media?parent=144607"}],"wp:term":[{"taxonomy":"category","embeddable":true,"href":"https:\/\/linitiative.ca\/International\/wp-json\/wp\/v2\/categories?post=144607"},{"taxonomy":"post_tag","embeddable":true,"href":"https:\/\/linitiative.ca\/International\/wp-json\/wp\/v2\/tags?post=144607"}],"curies":[{"name":"wp","href":"https:\/\/api.w.org\/{rel}","templated":true}]}}