{"id":144608,"date":"2022-04-03T10:54:45","date_gmt":"2022-04-03T14:54:45","guid":{"rendered":"https:\/\/linitiative.ca\/International\/hommage-a-lhumaniste-au-militant-et-a-lerudit-sidi-mohammed-idrissi\/"},"modified":"2022-04-03T10:54:45","modified_gmt":"2022-04-03T14:54:45","slug":"hommage-a-lhumaniste-au-militant-et-a-lerudit-sidi-mohammed-idrissi","status":"publish","type":"post","link":"https:\/\/linitiative.ca\/International\/hommage-a-lhumaniste-au-militant-et-a-lerudit-sidi-mohammed-idrissi\/","title":{"rendered":"Hommage \u00e0 l\u2019humaniste, au militant et \u00e0 l\u2019\u00e9rudit \u2026 Sidi Mohammed Idrissi"},"content":{"rendered":"<div>\n<p class=\"has-text-align-center has-vivid-red-color has-text-color\"><strong>La section de Sal\u00e9 et le secteur de la culture, des arts et de la communication du PPS<\/strong><\/p>\n<p class=\"has-vivid-cyan-blue-color has-text-color\"><strong>Les amis, la famille et les camarades n\u2019ont pas manqu\u00e9 le rendez-vous. Tout le monde y \u00e9tait. L\u2019\u00e9motion aussi. En effet, la section provinciale du Parti du Progr\u00e8s et du Socialisme \u00e0 Sal\u00e9 a rendu, vendredi 1<sup>er<\/sup> avril dans ses locaux \u00e0 Bettana, un vibrant hommage au militant, \u00e9crivain, critique, artiste peintre et acteur associatif, Sidi Mohammed Idrissi.<\/strong><\/p>\n<div class=\"wp-block-image\">\n<figure class=\"aligncenter size-large is-resized\"><img decoding=\"async\" loading=\"lazy\" src=\"https:\/\/linitiative.ca\/International\/wp-content\/uploads\/sites\/23\/2022\/04\/16-ouv2-2-1.jpg\" alt=\"\" class=\"wp-image-135811\" width=\"729\" height=\"435\"><\/figure>\n<\/div>\n<p>Cette rencontre-hommage organis\u00e9e en coordination avec le secteur de la culture, des arts et de la communication relevant du comit\u00e9 central du parti, a \u00e9t\u00e9 marqu\u00e9e par une pr\u00e9sentation du recueil de nouvelles intitul\u00e9 \u00abErrance\u00bb, \u00e9dit\u00e9 par la maison d\u2019\u00e9dition Actions Communication, assur\u00e9e par Mohamed Nait Youssef, journaliste \u00e0 Al Bayane.<\/p>\n<p>Ont pris part \u00e0 cet hommage, les membres du bureau politique Rachid Roukbane, Majdouline El Alami, ainsi que les membres du Comit\u00e9 Central du parti\u00a0: Said Sihida, Mohamed Amine Sbihi, Lahoucine Cha\u00e2bi, Anas Sbihi, Ouadih Darmouk. Lors de cet hommage solennel, anim\u00e9 par le camarde Soilam Boutoumit, les intervenants ont mis la lumi\u00e8res sur les qualit\u00e9s et les valeurs humaines que professionnelles de ce militant\u00a0 ayant \u00a0vou\u00e9 sa vie au parti et \u00e0 la patrie.<\/p>\n<p><strong>Une m\u00e9moire vivante du PPS \u00e0 Sal\u00e9 \u2026<\/strong><\/p>\n<p>Cette rencontre-hommage, comme l\u2019a soulign\u00e9 \u00e0 juste titre Soilam Boutoumit dans sa pr\u00e9sentation, est un signe de reconnaissance et de gratitude \u00e0 un militant\u00a0 ayant consacr\u00e9 plus de trois d\u00e9cennies pour le Parti du progr\u00e8s et du socialisme (PPS) avec engagement et fid\u00e9lit\u00e9.<\/p>\n<p>Dans son mot inaugural, Anass Sbihi, premier Secr\u00e9taire de la section pr\u00e9fectorale du PPS \u00e0 Sal\u00e9, a indiqu\u00e9 que Mohammed Idrissi constitue une partie de la m\u00e9moire vivante du parti \u00e0 Sal\u00e9 et ses p\u00e9riph\u00e9ries. Cette rencontre-hommage, a-t-il dit, est un rituel, voire une tradition du PPS visant \u00e0 rendre hommage \u00e0 ses militantes et militants dans les diff\u00e9rents domaines.<\/p>\n<p>Lahoucine Cha\u00e2bi, coordonnateur national du secteur de la culture, des arts et de la communication relevant du parti, a affirm\u00e9, quant \u00e0 lui, que le PPS accorde une place primordiale aux intellectuels, aux artistes et aux cr\u00e9ateurs. Selon ses dires, cette rencontre-hommage \u00e0 l\u2019\u00e9crivain et militant, Sidi Mohammed Idrissi en t\u00e9moigne \u00e0 plus d\u2019un\u00a0 titre.<\/p>\n<p>\u00abC\u2019est un cr\u00e9ateur qui aime \u00e9crire en arabe et en fran\u00e7ais, mais aussi un homme d\u2019administration professionnel ayant consacr\u00e9 son expertise au service du\u00a0 Parti.\u00a0\u00bb, a-t-il fait savoir, ajoutons que \u00abMohammed Idrissi est un homme actif sur les plans associatifs et culturels ayant contribu\u00e9 \u00e0 de nombreuses initiatives et projets\u00bb.<\/p>\n<p>D\u2019apr\u00e8s le coordonnateur national du secteur, Idrissi a \u00e9crit des pi\u00e8ces de th\u00e9\u00e2tre telles que \u00ab\u00a0a fontaine\u00bb et d\u2019autres pi\u00e8ces th\u00e9\u00e2trales pour enfants. Par ailleurs, \u00a0Lahoucine Cha\u00e2bi a mis l\u2019accent sur les valeurs et l\u2019engagement sans faille du militant au service du PPS. \u00abC\u2019est un homme discret qui travaille dans le silence et la discr\u00e9tion, loin des projecteurs.\u00bb, a-t-il rappel\u00e9.<\/p>\n<p><strong>Un militant de la premi\u00e8re heure\u2026<\/strong><\/p>\n<p>Selon Said Sihida, membre\u00a0du Comit\u00e9 Central du PPS, Mohammed Idrissi a donn\u00e9 une grande importance \u00e0 sa fonction d\u2019administrateur, ainsi qu\u2019\u00e0 son travail au sein du parti\u00a0; chose qui l\u2019avait pouss\u00e9 \u00e0 quitter l\u2019\u00e9criture pour un bon moment. La preuve, dit-il, la plupart de ses \u00e9crits remontent \u00e0 sa jeunesse. \u00abEsp\u00e9rant qu\u2019il y retournera \u00e0 sa premi\u00e8re passion afin d\u2019enrichir le paysage culturel par ses productions litt\u00e9raires et po\u00e9tiques\u00bb, a-t-il soulign\u00e9.<\/p>\n<p>Depuis son adh\u00e9sion au parti au milieu des ann\u00e9es 80, rappelle Sihida, Idrissi a \u00e9t\u00e9 fid\u00e8le \u00e0 ses convictions et \u00e0 son parti qu\u2019il a toujours d\u00e9fendu. \u00abIl est une r\u00e9f\u00e9rence en mati\u00e8re du travail administratif et juridique. Il est \u00e9galement un homme ponctuel et \u00e9l\u00e9gant ayant cette capacit\u00e9 de documentation et d\u2019archivage.\u00bb, a-t-il r\u00e9v\u00e9l\u00e9. Et d\u2019ajouter: \u00abJe me souviens de ses d\u00e9buts, au milieu des ann\u00e9es 80, quand il \u00e9tait dans la cellule du Parti \u00e0 Hay Salam aux c\u00f4t\u00e9s des camarades Fathi Lakhder, Jamal Eddine El Omari, El Baroudi, Moussa Kerzazi. C\u2019est un militant fid\u00e8le et modeste, son travail administratif volontaire dans le parti \u00a0en tant que militant est incontournable.\u00bb, conclut-il.<\/p>\n<p><strong>Un homme aux valeurs humaines nobles<\/strong><\/p>\n<p>Rachid Roukbane, membre du bureau politique du parti, a\u00a0 \u00e9voqu\u00e9 les qualit\u00e9s de Mohammed Idrissi, l\u2019humain et le militant. \u00abC\u2019est un homme s\u00e9rieux aux valeurs nobles et g\u00e9n\u00e9reuses. Il est connu par sa sinc\u00e9rit\u00e9,\u00a0 son implication, son volontariat, mais aussi ses sacrifices pour le parti et les militants.\u00bb, a-t-il affirm\u00e9.<\/p>\n<p>Pour Majdouline El Alami, membre du BP du PPS, Sidi Mohammed Idrissi est un grand militant au parcours long, riche et exceptionnel. \u00abIl \u00e9tait mon encadrant dans mes d\u00e9buts dans le monde de la politique. C\u2019est un militant \u00a0qui \u00a0est rest\u00e9\u00a0 fid\u00e8le \u00e0 son \u00a0parti et ayant d\u00e9fendu la justice sociale, la libert\u00e9 et l\u2019\u00e9galit\u00e9. Il est toujours pr\u00e9sent dans les grands rendez-vous \u00e0 Sal\u00e9 et Rabat\u00bb, a-t-elle fait savoir.<\/p>\n<p>Dans son t\u00e9moignage, pr\u00e9sent\u00e9 par Ouadih Darmouk, Mohammed Aouad a mis la lumi\u00e8re sur le parcours du militant, \u00e9crivain et artiste. \u00abUn demi-si\u00e8cle de militantisme. Sidi Mohammed Idrissi est un homme sage et calme qui travaille dans la discr\u00e9tion et le silence\u00bb, a-t-il soulign\u00e9. Et d\u2019ajouter\u00a0:\u00a0\u00abj\u2019aurai voulu que cet hommage soit organis\u00e9 dans un cadre national parce que l\u2019apport de l\u2019homme d\u00e9passe la ville de Sal\u00e9. C\u2019est un homme qui m\u00e9rite tous les hommages\u00bb,\u00a0 a-t-il indiqu\u00e9.<\/p>\n<p>Le sc\u00e9nariste et artiste, El Hail Houcine a r\u00e9v\u00e9l\u00e9 que Idrissi est un grand passionn\u00e9 des arts et de la cr\u00e9ation depuis sa tendre enfance. Sa culture est tr\u00e8s vaste et son apport est tr\u00e8s important ayant contribu\u00e9 \u00e0 l\u2019enrichissement du paysage culturel national. Pour clore en beaut\u00e9, la rencontre a \u00e9t\u00e9 ponctu\u00e9e par la signature du recueil de nouvelles.<\/p>\n<p>\u2014\u2013<\/p>\n<p class=\"has-text-align-center has-vivid-red-background-color has-background\"><strong>\u00ab\u00a0Errance\u00a0\u00bb ou la qu\u00eate de soi\u2026<\/strong><\/p>\n<p class=\"has-vivid-cyan-blue-color has-text-color\"><strong>\u00ab\u00a0Errance\u00a0\u00bb est l\u2019intitul\u00e9 du recueil de nouvelles de Sidi Mohammed Idrissi, \u00e9dit\u00e9 par la maison d\u2019\u00e9dition Action Communication, bas\u00e9e \u00e0 Rabat.<\/strong><\/p>\n<p>Le titre nous fait penser, si nous n\u2019osons dire, \u00e0 cette \u00ab\u00a0errance deleuzienne\u00a0\u00bb, voire \u00e0 aux d\u00e9placements entre les diff\u00e9rents territoires,\u00a0 th\u00e9matiques et\u00a0 sujets.<\/p>\n<p>En effet, l\u2019auteur a fait le choix de la nouvelle, un exercice litt\u00e9raire difficile qui a rendu aux marginaux et aux opprim\u00e9s leur juste valeur, pour mettre les mots sur les maux et d\u00e9gager sa vision du monde et des choses.<\/p>\n<p>A vrai dire, il n\u2019y a pas mieux que l\u2019\u00e9criture pour r\u00e9v\u00e9ler les questions et les pr\u00e9occupations existentielles et soci\u00e9tales de l\u2019homme des temps actuels. L\u2019\u00e9crivain ouvre ainsi le bal de son recueil de nouvelles par une grande question sur l\u2019essence, les motivations et les r\u00f4les primordiaux de l\u2019acte d\u2019\u00e9crire.<\/p>\n<p>Pourquoi \u00e9crire ? Telle \u00e9tait sa question; celle que Jean Paul Sartre avait pos\u00e9 d\u2019ailleurs dans son livre majeur \u00ab\u00a0Qu\u2019est-ce que la litt\u00e9rature ?\u00a0\u00bb. Pour Mohammed Idrissi, l\u2019acte d\u2019\u00e9crire est un voyage dans le temps et dans l\u2019espace, une qu\u00eate de nouveaux mondes et d\u2019autres horizons plus vastes et cr\u00e9atifs. Pour lui, l\u2019\u00e9criture c\u2019est aussi une vision du monde et un moyen pour communiquer avec les autres.<\/p>\n<p>En revanche, il y a une envie ardente chez l\u2019auteur de r\u00e9v\u00e9ler ce qu\u2019il pense et d\u2019ext\u00e9rioriser les grandes questions hantant son esprit et ses pens\u00e9es. Modeste. L\u2019auteur se pr\u00e9sente comme \u00e9crivain autodidacte.<\/p>\n<p>Or, il \u00e9crivait ses textes avec ma\u00eetrise parfaite de la langue de Moli\u00e8re, et surtout avec un style fluide et po\u00e9tique. Par le biais du langage, il a abord\u00e9 de nombreuses th\u00e9matiques telles que l\u2019amour, la solitude, le bonheur, l\u2019alt\u00e9rit\u00e9, la fid\u00e9lit\u00e9\u2026<\/p>\n<p>Dans sa solitude, il \u00e9crit sur le d\u00e9chirement de l\u2019\u00e2me et le foss\u00e9 existant entre les g\u00e9n\u00e9rations et les soci\u00e9t\u00e9s d\u2019hier et d\u2019aujourd\u2019hui. Au-del\u00e0, des th\u00e8mes trait\u00e9s dans le livre, l\u2019auteur a renouvel\u00e9 le corps de la langue us\u00e9e dans les textes recueillis. En d\u2019autres mots, ce sont la plume du po\u00e8te et la palette du peintre qui ont \u00e9t\u00e9 investies davantage dans ce recueil de nouvelles portant l\u2019empreinte et la signature de Mohammed Idrissi.<\/p>\n<p>\u2014<\/p>\n<p class=\"has-text-align-center has-vivid-red-color has-text-color\"><strong>Bio-express<\/strong><\/p>\n<div class=\"wp-block-image\">\n<figure class=\"aligncenter size-large is-resized\"><img decoding=\"async\" loading=\"lazy\" src=\"https:\/\/linitiative.ca\/International\/wp-content\/uploads\/sites\/23\/2022\/04\/16-encadre2.jpg\" alt=\"\" class=\"wp-image-135812\" width=\"790\" height=\"467\"><\/figure>\n<\/div>\n<p class=\"has-pale-cyan-blue-background-color has-background\">N\u00e9 en 1945 \u00e0 Rabat, Sidi Mohamed Idrissi est administrateur principal \u00e0 la retraite. Il a occup\u00e9 plusieurs postes de responsabilit\u00e9 \u00e0 l\u2019administration centrale du Minist\u00e8re de l\u2019\u00e9duction nationale. Il est \u00e9galement membre fondateur de la troupe de th\u00e9\u00e2tre \u00ab\u00a0El Mansour\u00a0\u00bb \u00e0 Rabat et membre de l\u2019association Sala Al Moustakbal \u00e0 Sal\u00e9. Il est secr\u00e9taire g\u00e9n\u00e9ral de l\u2019association culturelle et sportive \u00e0 Rabat.\u00a0 Idrissi a \u00e9crit en effet des pi\u00e8ces de th\u00e9\u00e2tre pour enfants, des articles culturels et artistiques, ainsi que des nouvelles parues dans des revues et journaux nationaux.<\/p>\n<p>L\u2019article <a rel=\"nofollow\" href=\"http:\/\/albayane.press.ma\/hommage-a-lhumaniste-au-militant-et-a-lerudit-sidi-mohammed-idrissi.html\">Hommage \u00e0 l\u2019humaniste, au militant et \u00e0 l\u2019\u00e9rudit \u2026 Sidi Mohammed Idrissi<\/a> est apparu en premier sur <a rel=\"nofollow\" href=\"http:\/\/albayane.press.ma\/\">ALBAYANE<\/a>.<\/p>\n<\/div>\n<p>Auteur: M&rsquo;hammed rahal<br \/>\n<a href=\"http:\/\/albayane.press.ma\/hommage-a-lhumaniste-au-militant-et-a-lerudit-sidi-mohammed-idrissi.html\">Cliquez ici pour lire l&rsquo;article depuis sa source.<\/a><\/p>\n","protected":false},"excerpt":{"rendered":"<p>La section de Sal\u00e9 et le secteur de la culture, des arts et de la communication du PPS Les amis, la famille et les camarades n\u2019ont pas manqu\u00e9 le rendez-vous. Tout le monde y \u00e9tait. L\u2019\u00e9motion aussi. En effet, la section provinciale du Parti du Progr\u00e8s et du Socialisme \u00e0 Sal\u00e9 a rendu, vendredi 1er [&hellip;]<\/p>\n","protected":false},"author":1760,"featured_media":0,"comment_status":"closed","ping_status":"closed","sticky":false,"template":"","format":"standard","meta":{"fifu_image_url":"http:\/\/albayane.press.ma\/wp-content\/uploads\/16-ouv2-2-1.jpg","fifu_image_alt":"Hommage \u00e0 l\u2019humaniste, au militant et \u00e0 l\u2019\u00e9rudit \u2026 Sidi Mohammed Idrissi","footnotes":""},"categories":[73,54],"tags":[],"class_list":["post-144608","post","type-post","status-publish","format-standard","hentry","category-actualite","category-maroc"],"_links":{"self":[{"href":"https:\/\/linitiative.ca\/International\/wp-json\/wp\/v2\/posts\/144608","targetHints":{"allow":["GET"]}}],"collection":[{"href":"https:\/\/linitiative.ca\/International\/wp-json\/wp\/v2\/posts"}],"about":[{"href":"https:\/\/linitiative.ca\/International\/wp-json\/wp\/v2\/types\/post"}],"author":[{"embeddable":true,"href":"https:\/\/linitiative.ca\/International\/wp-json\/wp\/v2\/users\/1760"}],"replies":[{"embeddable":true,"href":"https:\/\/linitiative.ca\/International\/wp-json\/wp\/v2\/comments?post=144608"}],"version-history":[{"count":0,"href":"https:\/\/linitiative.ca\/International\/wp-json\/wp\/v2\/posts\/144608\/revisions"}],"wp:attachment":[{"href":"https:\/\/linitiative.ca\/International\/wp-json\/wp\/v2\/media?parent=144608"}],"wp:term":[{"taxonomy":"category","embeddable":true,"href":"https:\/\/linitiative.ca\/International\/wp-json\/wp\/v2\/categories?post=144608"},{"taxonomy":"post_tag","embeddable":true,"href":"https:\/\/linitiative.ca\/International\/wp-json\/wp\/v2\/tags?post=144608"}],"curies":[{"name":"wp","href":"https:\/\/api.w.org\/{rel}","templated":true}]}}