{"id":144617,"date":"2022-04-03T12:16:18","date_gmt":"2022-04-03T16:16:18","guid":{"rendered":"https:\/\/linitiative.ca\/International\/covid-54-nouveaux-cas-enregistres-ce-dimanche\/"},"modified":"2022-04-03T12:16:18","modified_gmt":"2022-04-03T16:16:18","slug":"covid-54-nouveaux-cas-enregistres-ce-dimanche","status":"publish","type":"post","link":"https:\/\/linitiative.ca\/International\/covid-54-nouveaux-cas-enregistres-ce-dimanche\/","title":{"rendered":"Covid: 54 nouveaux cas enregistr\u00e9s ce dimanche"},"content":{"rendered":"<div>\n<div class=\"field field-name-body field-type-text-with-summary field-label-hidden\">\n<div class=\"field-items\">\n<div class=\"field-item even\" property=\"content:encoded\">\n<p class=\"rtejustify\">Quelque <strong>54<\/strong> nouveaux cas d&rsquo;infection au nouveau coronavirus (Covid-19) et <strong>38<\/strong> gu\u00e9risons ont \u00e9t\u00e9s enregistr\u00e9s au Maroc dans les derni\u00e8res 24 heures, a indiqu\u00e9 dimanche\u00a0le minist\u00e8re de la Sant\u00e9 et de la Protection sociale.<\/p>\n<\/div>\n<\/div>\n<\/div>\n<\/div>\n<p>Auteur: hgueye<br \/>\n<a href=\"https:\/\/www.leconomiste.com\/flash-infos\/covid-54-nouveaux-cas-enregistres-ce-dimanche\">Cliquez ici pour lire l&rsquo;article depuis sa source.<\/a><\/p>\n","protected":false},"excerpt":{"rendered":"<p>Quelque 54 nouveaux cas d&rsquo;infection au nouveau coronavirus (Covid-19) et 38 gu\u00e9risons ont \u00e9t\u00e9s enregistr\u00e9s au Maroc dans les derni\u00e8res 24 heures, a indiqu\u00e9 dimanche\u00a0le minist\u00e8re de la Sant\u00e9 et de la Protection sociale. Auteur: hgueye Cliquez ici pour lire l&rsquo;article depuis sa source.<\/p>\n","protected":false},"author":1763,"featured_media":0,"comment_status":"closed","ping_status":"closed","sticky":false,"template":"","format":"standard","meta":{"fifu_image_url":"","fifu_image_alt":"","footnotes":""},"categories":[78,54],"tags":[],"class_list":["post-144617","post","type-post","status-publish","format-standard","hentry","category-economie","category-maroc"],"_links":{"self":[{"href":"https:\/\/linitiative.ca\/International\/wp-json\/wp\/v2\/posts\/144617","targetHints":{"allow":["GET"]}}],"collection":[{"href":"https:\/\/linitiative.ca\/International\/wp-json\/wp\/v2\/posts"}],"about":[{"href":"https:\/\/linitiative.ca\/International\/wp-json\/wp\/v2\/types\/post"}],"author":[{"embeddable":true,"href":"https:\/\/linitiative.ca\/International\/wp-json\/wp\/v2\/users\/1763"}],"replies":[{"embeddable":true,"href":"https:\/\/linitiative.ca\/International\/wp-json\/wp\/v2\/comments?post=144617"}],"version-history":[{"count":0,"href":"https:\/\/linitiative.ca\/International\/wp-json\/wp\/v2\/posts\/144617\/revisions"}],"wp:attachment":[{"href":"https:\/\/linitiative.ca\/International\/wp-json\/wp\/v2\/media?parent=144617"}],"wp:term":[{"taxonomy":"category","embeddable":true,"href":"https:\/\/linitiative.ca\/International\/wp-json\/wp\/v2\/categories?post=144617"},{"taxonomy":"post_tag","embeddable":true,"href":"https:\/\/linitiative.ca\/International\/wp-json\/wp\/v2\/tags?post=144617"}],"curies":[{"name":"wp","href":"https:\/\/api.w.org\/{rel}","templated":true}]}}