{"id":144620,"date":"2022-04-03T10:30:00","date_gmt":"2022-04-03T14:30:00","guid":{"rendered":"https:\/\/linitiative.ca\/International\/bayern-ca-negocie-pour-thomas-muller\/"},"modified":"2022-04-03T10:30:00","modified_gmt":"2022-04-03T14:30:00","slug":"bayern-ca-negocie-pour-thomas-muller","status":"publish","type":"post","link":"https:\/\/linitiative.ca\/International\/bayern-ca-negocie-pour-thomas-muller\/","title":{"rendered":"Bayern : \u00e7a n\u00e9gocie pour Thomas M\u00fcller"},"content":{"rendered":"<div>Avant l\u2019ouverture du mercato d\u2019\u00e9t\u00e9, la formation du Bayern Munich aimeraient boucler quelques prolongations de contrat dont celle de Thomas M\u00fcller.<\/div>\n<p>Auteur:<br \/>\n<a href=\"https:\/\/www.lebuteur.com\/article\/detail?titre=bayern-ca-negocie-pour-thomas-muller&#038;id=102631\">Cliquez ici pour lire l&rsquo;article depuis sa source.<\/a><\/p>\n","protected":false},"excerpt":{"rendered":"<p>Avant l\u2019ouverture du mercato d\u2019\u00e9t\u00e9, la formation du Bayern Munich aimeraient boucler quelques prolongations de contrat dont celle de Thomas M\u00fcller. Auteur: Cliquez ici pour lire l&rsquo;article depuis sa source.<\/p>\n","protected":false},"author":1738,"featured_media":0,"comment_status":"closed","ping_status":"closed","sticky":false,"template":"","format":"standard","meta":{"fifu_image_url":"","fifu_image_alt":"","footnotes":""},"categories":[53,75],"tags":[],"class_list":["post-144620","post","type-post","status-publish","format-standard","hentry","category-algerie","category-sport"],"_links":{"self":[{"href":"https:\/\/linitiative.ca\/International\/wp-json\/wp\/v2\/posts\/144620","targetHints":{"allow":["GET"]}}],"collection":[{"href":"https:\/\/linitiative.ca\/International\/wp-json\/wp\/v2\/posts"}],"about":[{"href":"https:\/\/linitiative.ca\/International\/wp-json\/wp\/v2\/types\/post"}],"author":[{"embeddable":true,"href":"https:\/\/linitiative.ca\/International\/wp-json\/wp\/v2\/users\/1738"}],"replies":[{"embeddable":true,"href":"https:\/\/linitiative.ca\/International\/wp-json\/wp\/v2\/comments?post=144620"}],"version-history":[{"count":0,"href":"https:\/\/linitiative.ca\/International\/wp-json\/wp\/v2\/posts\/144620\/revisions"}],"wp:attachment":[{"href":"https:\/\/linitiative.ca\/International\/wp-json\/wp\/v2\/media?parent=144620"}],"wp:term":[{"taxonomy":"category","embeddable":true,"href":"https:\/\/linitiative.ca\/International\/wp-json\/wp\/v2\/categories?post=144620"},{"taxonomy":"post_tag","embeddable":true,"href":"https:\/\/linitiative.ca\/International\/wp-json\/wp\/v2\/tags?post=144620"}],"curies":[{"name":"wp","href":"https:\/\/api.w.org\/{rel}","templated":true}]}}