{"id":144623,"date":"2022-04-03T04:20:00","date_gmt":"2022-04-03T08:20:00","guid":{"rendered":"https:\/\/linitiative.ca\/International\/le-conflit-russo-ukrainien-boulverse-les-marches-des-matieres-premieres\/"},"modified":"2022-04-03T04:20:00","modified_gmt":"2022-04-03T08:20:00","slug":"le-conflit-russo-ukrainien-boulverse-les-marches-des-matieres-premieres","status":"publish","type":"post","link":"https:\/\/linitiative.ca\/International\/le-conflit-russo-ukrainien-boulverse-les-marches-des-matieres-premieres\/","title":{"rendered":"Le conflit Russo-Ukrainien boulverse  les march\u00e9s des mati\u00e8res premi\u00e8res"},"content":{"rendered":"<div><img decoding=\"async\" src=\"https:\/\/linitiative.ca\/International\/wp-content\/uploads\/sites\/23\/2022\/04\/1648915216_article.jpg\" alt=\"Le conflit Russo-Ukrainien boulverse  les march\u00e9s des mati\u00e8res premi\u00e8res   \" align=\"left\">Les ann\u00e9es 2020 s&rsquo;av\u00e8rent \u00eatre une p\u00e9riode agit\u00e9e de chocs et d&rsquo;incertitudes. Au moment o\u00f9 l&rsquo;\u00e9conomie mondiale semblait tourner la page de la pand\u00e9mie de Covid-19, un autre \u00e9v\u00e9nement important d\u00e9clenche des bouleversements g\u00e9opolitiques et \u00e9conomiques n\u00e9gatives : le conflit russo-ukrainien. Alors que les germes du conflit se d\u00e9veloppent depuis des ann\u00e9es, les diff\u00e9rends bilat\u00e9raux entre la Russie et l&rsquo;Ukraine ont commenc\u00e9 \u00e0 s&rsquo;intensifier en 2021, avant d&rsquo;\u00e9clater en une guerre ouverte fin f\u00e9vrier 2022.<br \/>\n\u00c0 la suite de l&rsquo;invasion militaire initiale, les \u00c9tats-Unis et l&rsquo;Union europ\u00e9enne (UE) ont d\u00e9cid\u00e9 de soutenir l&rsquo;Ukraine en infligeant \u00e0 la Russie un pr\u00e9judice &#8230;<\/p>\n<\/div>\n<p>Auteur:<br \/>\n<a href=\"https:\/\/www.leaders.com.tn\/article\/33175-le-conflit-russo-ukrainien-boulverse-les-marches-des-matieres-premieres\">Cliquez ici pour lire l&rsquo;article depuis sa source.<\/a><\/p>\n","protected":false},"excerpt":{"rendered":"<p>Les ann\u00e9es 2020 s&rsquo;av\u00e8rent \u00eatre une p\u00e9riode agit\u00e9e de chocs et d&rsquo;incertitudes. Au moment o\u00f9 l&rsquo;\u00e9conomie mondiale semblait tourner la page de la pand\u00e9mie de Covid-19, un autre \u00e9v\u00e9nement important d\u00e9clenche des bouleversements g\u00e9opolitiques et \u00e9conomiques n\u00e9gatives : le conflit russo-ukrainien. Alors que les germes du conflit se d\u00e9veloppent depuis des ann\u00e9es, les diff\u00e9rends bilat\u00e9raux [&hellip;]<\/p>\n","protected":false},"author":1772,"featured_media":0,"comment_status":"closed","ping_status":"closed","sticky":false,"template":"","format":"standard","meta":{"fifu_image_url":"http:\/\/www.leaders.com.tn\/uploads\/content\/thumbnails_small\/1648915216_article.jpg","fifu_image_alt":"Le conflit Russo-Ukrainien boulverse  les march\u00e9s des mati\u00e8res premi\u00e8res","footnotes":""},"categories":[73,55],"tags":[],"class_list":["post-144623","post","type-post","status-publish","format-standard","hentry","category-actualite","category-tunisie"],"_links":{"self":[{"href":"https:\/\/linitiative.ca\/International\/wp-json\/wp\/v2\/posts\/144623","targetHints":{"allow":["GET"]}}],"collection":[{"href":"https:\/\/linitiative.ca\/International\/wp-json\/wp\/v2\/posts"}],"about":[{"href":"https:\/\/linitiative.ca\/International\/wp-json\/wp\/v2\/types\/post"}],"author":[{"embeddable":true,"href":"https:\/\/linitiative.ca\/International\/wp-json\/wp\/v2\/users\/1772"}],"replies":[{"embeddable":true,"href":"https:\/\/linitiative.ca\/International\/wp-json\/wp\/v2\/comments?post=144623"}],"version-history":[{"count":0,"href":"https:\/\/linitiative.ca\/International\/wp-json\/wp\/v2\/posts\/144623\/revisions"}],"wp:attachment":[{"href":"https:\/\/linitiative.ca\/International\/wp-json\/wp\/v2\/media?parent=144623"}],"wp:term":[{"taxonomy":"category","embeddable":true,"href":"https:\/\/linitiative.ca\/International\/wp-json\/wp\/v2\/categories?post=144623"},{"taxonomy":"post_tag","embeddable":true,"href":"https:\/\/linitiative.ca\/International\/wp-json\/wp\/v2\/tags?post=144623"}],"curies":[{"name":"wp","href":"https:\/\/api.w.org\/{rel}","templated":true}]}}