{"id":144625,"date":"2022-04-03T05:51:00","date_gmt":"2022-04-03T09:51:00","guid":{"rendered":"https:\/\/linitiative.ca\/International\/hommage-a-habib-bourguiba\/"},"modified":"2022-04-03T05:51:00","modified_gmt":"2022-04-03T09:51:00","slug":"hommage-a-habib-bourguiba","status":"publish","type":"post","link":"https:\/\/linitiative.ca\/International\/hommage-a-habib-bourguiba\/","title":{"rendered":"Hommage \u00e0 Habib Bourguiba"},"content":{"rendered":"<div><img decoding=\"async\" src=\"https:\/\/linitiative.ca\/International\/wp-content\/uploads\/sites\/23\/2022\/04\/1648977178_article.jpg\" alt=\"Hommage \u00e0 Habib Bourguiba\" align=\"left\">Le devoir nous appelle \u00e0 rendre hommage, mercredi 6 avril, \u00e0 la m\u00e9moire du leader Habib Bourguiba, disparu le 6 avril de l\u2019an 2000. En ce jour, le peuple tunisien exprime sa fid\u00e9lit\u00e9 et sa reconnaissance \u00e0 Habib Bourguiba pour son d\u00e9vouement \u00e0 la patrie, pour les r\u00e9formes fondamentales qu\u2019il a r\u00e9alis\u00e9es en Tunisie et pour l\u2019id\u00e9al de libert\u00e9 et de progr\u00e8s dont il a fait le fond et la force de la nation tunisienne.<br \/>\nAu nom de l\u2019Association des Etudes Bourguibiennes, une d\u00e9l\u00e9gation se rend mercredi 6 avril au Mausol\u00e9e Bourguiba pour honorer sa m\u00e9moire.<br \/>\n\u00a0<\/p>\n<\/div>\n<p>Auteur:<br \/>\n<a href=\"https:\/\/www.leaders.com.tn\/article\/33177-hommage-a-habib-bourguiba\">Cliquez ici pour lire l&rsquo;article depuis sa source.<\/a><\/p>\n","protected":false},"excerpt":{"rendered":"<p>Le devoir nous appelle \u00e0 rendre hommage, mercredi 6 avril, \u00e0 la m\u00e9moire du leader Habib Bourguiba, disparu le 6 avril de l\u2019an 2000. En ce jour, le peuple tunisien exprime sa fid\u00e9lit\u00e9 et sa reconnaissance \u00e0 Habib Bourguiba pour son d\u00e9vouement \u00e0 la patrie, pour les r\u00e9formes fondamentales qu\u2019il a r\u00e9alis\u00e9es en Tunisie et [&hellip;]<\/p>\n","protected":false},"author":1772,"featured_media":0,"comment_status":"closed","ping_status":"closed","sticky":false,"template":"","format":"standard","meta":{"fifu_image_url":"http:\/\/www.leaders.com.tn\/uploads\/content\/thumbnails_small\/1648977178_article.jpg","fifu_image_alt":"Hommage \u00e0 Habib Bourguiba","footnotes":""},"categories":[73,55],"tags":[],"class_list":["post-144625","post","type-post","status-publish","format-standard","hentry","category-actualite","category-tunisie"],"_links":{"self":[{"href":"https:\/\/linitiative.ca\/International\/wp-json\/wp\/v2\/posts\/144625","targetHints":{"allow":["GET"]}}],"collection":[{"href":"https:\/\/linitiative.ca\/International\/wp-json\/wp\/v2\/posts"}],"about":[{"href":"https:\/\/linitiative.ca\/International\/wp-json\/wp\/v2\/types\/post"}],"author":[{"embeddable":true,"href":"https:\/\/linitiative.ca\/International\/wp-json\/wp\/v2\/users\/1772"}],"replies":[{"embeddable":true,"href":"https:\/\/linitiative.ca\/International\/wp-json\/wp\/v2\/comments?post=144625"}],"version-history":[{"count":0,"href":"https:\/\/linitiative.ca\/International\/wp-json\/wp\/v2\/posts\/144625\/revisions"}],"wp:attachment":[{"href":"https:\/\/linitiative.ca\/International\/wp-json\/wp\/v2\/media?parent=144625"}],"wp:term":[{"taxonomy":"category","embeddable":true,"href":"https:\/\/linitiative.ca\/International\/wp-json\/wp\/v2\/categories?post=144625"},{"taxonomy":"post_tag","embeddable":true,"href":"https:\/\/linitiative.ca\/International\/wp-json\/wp\/v2\/tags?post=144625"}],"curies":[{"name":"wp","href":"https:\/\/api.w.org\/{rel}","templated":true}]}}