{"id":144627,"date":"2022-04-03T07:11:00","date_gmt":"2022-04-03T11:11:00","guid":{"rendered":"https:\/\/linitiative.ca\/International\/tunisie-la-violence-a-la-tele-pendant-ramadan-est-elle-premeditee\/"},"modified":"2022-04-03T07:11:00","modified_gmt":"2022-04-03T11:11:00","slug":"tunisie-la-violence-a-la-tele-pendant-ramadan-est-elle-premeditee","status":"publish","type":"post","link":"https:\/\/linitiative.ca\/International\/tunisie-la-violence-a-la-tele-pendant-ramadan-est-elle-premeditee\/","title":{"rendered":"Tunisie: La violence \u00e0 la t\u00e9l\u00e9 pendant ramadan est-elle pr\u00e9m\u00e9dit\u00e9e?"},"content":{"rendered":"<div><img decoding=\"async\" src=\"https:\/\/linitiative.ca\/International\/wp-content\/uploads\/sites\/23\/2022\/04\/1648983183_article.jpg\" alt=\"Tunisie: La violence \u00e0 la t\u00e9l\u00e9 pendant ramadan est-elle pr\u00e9m\u00e9dit\u00e9e ?\" align=\"left\">Par Dr. Lilia Bouguira &#8211; Apr\u00e8s coup, rien ne change .Ni avant ni apr\u00e8s. Juste une couche de plus\u00a0 pour les soir\u00e9es t\u00e9l\u00e9vis\u00e9es\u00a0 de violence et de m\u00e9lodrame.<br \/>\nTout est concoct\u00e9 pour nous faire perdre le rire. Toute cette violence vendue sur nos petits \u00e9crans pendant le mois de ramadan est comme pr\u00e9m\u00e9dit\u00e9e pour nous rendre plus \u00e0\u00a0 fleur de peau, sur la sellette pr\u00eate \u00e0 exploser.<br \/>\nDe nos politiciens\u00a0 pervers narcissiques qui se d\u00e9lectent de nos mis\u00e8res aux cha\u00eenes t\u00e9l\u00e9vis\u00e9es qui s&rsquo;engagent \u00e0 chaque ramadan \u00e0 nous noyer dans le m\u00e9lodrame et la violence visuelle m\u00e9diatique.<br \/>\nLe pire c&rsquo;est que ces m\u00e9dias font leur fortune sur notre dos. Ils se sont encore accord\u00e9s &#8230;<\/p>\n<\/div>\n<p>Auteur:<br \/>\n<a href=\"https:\/\/www.leaders.com.tn\/article\/33178-tunisie-la-violence-a-la-tele-pendant-ramadan-est-elle-premeditee\">Cliquez ici pour lire l&rsquo;article depuis sa source.<\/a><\/p>\n","protected":false},"excerpt":{"rendered":"<p>Par Dr. Lilia Bouguira &#8211; Apr\u00e8s coup, rien ne change .Ni avant ni apr\u00e8s. Juste une couche de plus\u00a0 pour les soir\u00e9es t\u00e9l\u00e9vis\u00e9es\u00a0 de violence et de m\u00e9lodrame. Tout est concoct\u00e9 pour nous faire perdre le rire. Toute cette violence vendue sur nos petits \u00e9crans pendant le mois de ramadan est comme pr\u00e9m\u00e9dit\u00e9e pour nous [&hellip;]<\/p>\n","protected":false},"author":1772,"featured_media":0,"comment_status":"closed","ping_status":"closed","sticky":false,"template":"","format":"standard","meta":{"fifu_image_url":"http:\/\/www.leaders.com.tn\/uploads\/content\/thumbnails_small\/1648983183_article.jpg","fifu_image_alt":"Tunisie: La violence \u00e0 la t\u00e9l\u00e9 pendant ramadan est-elle pr\u00e9m\u00e9dit\u00e9e?","footnotes":""},"categories":[73,55],"tags":[],"class_list":["post-144627","post","type-post","status-publish","format-standard","hentry","category-actualite","category-tunisie"],"_links":{"self":[{"href":"https:\/\/linitiative.ca\/International\/wp-json\/wp\/v2\/posts\/144627","targetHints":{"allow":["GET"]}}],"collection":[{"href":"https:\/\/linitiative.ca\/International\/wp-json\/wp\/v2\/posts"}],"about":[{"href":"https:\/\/linitiative.ca\/International\/wp-json\/wp\/v2\/types\/post"}],"author":[{"embeddable":true,"href":"https:\/\/linitiative.ca\/International\/wp-json\/wp\/v2\/users\/1772"}],"replies":[{"embeddable":true,"href":"https:\/\/linitiative.ca\/International\/wp-json\/wp\/v2\/comments?post=144627"}],"version-history":[{"count":0,"href":"https:\/\/linitiative.ca\/International\/wp-json\/wp\/v2\/posts\/144627\/revisions"}],"wp:attachment":[{"href":"https:\/\/linitiative.ca\/International\/wp-json\/wp\/v2\/media?parent=144627"}],"wp:term":[{"taxonomy":"category","embeddable":true,"href":"https:\/\/linitiative.ca\/International\/wp-json\/wp\/v2\/categories?post=144627"},{"taxonomy":"post_tag","embeddable":true,"href":"https:\/\/linitiative.ca\/International\/wp-json\/wp\/v2\/tags?post=144627"}],"curies":[{"name":"wp","href":"https:\/\/api.w.org\/{rel}","templated":true}]}}