{"id":144629,"date":"2022-04-03T07:25:00","date_gmt":"2022-04-03T11:25:00","guid":{"rendered":"https:\/\/linitiative.ca\/International\/presentation-leaders-131-avril-2022-les-cles-du-conflit-russo-ukrainien\/"},"modified":"2022-04-03T07:25:00","modified_gmt":"2022-04-03T11:25:00","slug":"presentation-leaders-131-avril-2022-les-cles-du-conflit-russo-ukrainien","status":"publish","type":"post","link":"https:\/\/linitiative.ca\/International\/presentation-leaders-131-avril-2022-les-cles-du-conflit-russo-ukrainien\/","title":{"rendered":"Pr\u00e9sentation Leaders 131 &#8211; Avril 2022 : les cl\u00e9s du conflit russo-ukrainien"},"content":{"rendered":"<div><img decoding=\"async\" src=\"https:\/\/linitiative.ca\/International\/wp-content\/uploads\/sites\/23\/2022\/04\/1648982716_article.jpg\" alt=\"Pr\u00e9sentation Leaders 131 - Avril 2022\" align=\"left\">Alors que la guerre russo-ukrainienne s&rsquo;installe dans la dur\u00e9e, le Num\u00e9ro 131 \u00ab\u00a0de Leaders\u00a0\u00bb vous fournit les cl\u00e9s de la crise ukrainienne\u00a0 : \u00ab\u00a0La Tunisie et l&rsquo;Ukraine\u00a0\u00bb, les t\u00e9moignages d&rsquo;Ukrainiens r\u00e9sidents en Tunisie\u00a0\u00bb, \u00ab\u00a0La guerre en Ukraine et son impact sur la r\u00e9gion Moyen-Orient et en Afrique du Nord\u00a0\u00bbGuerre en Ukraine :\u00a0\u00bbA quand la fin du d\u00e9ni des nouvelles r\u00e9alit\u00e9s du monde\u00a0\u00bb, r\u00e9fl\u00e9xions \u00e9parses sur la crise ukrainiennes\u00a0\u00bb, ainsi que les interviews des ambassadeurs des deux pays accr\u00e9dit\u00e9s en Tunisie.Un dossier d&rsquo;une vingtaine de pages pour vous aider \u00e0 saisir tenants et aboutissants de ce\u00a0 conflit fratricide.<br \/>\nSommaire<br \/>\nEditorial<br \/>\n\u2022 Face aux d\u00e9fis qui s\u2019accumulent &#8230;<\/p>\n<\/div>\n<p>Auteur:<br \/>\n<a href=\"https:\/\/www.leaders.com.tn\/article\/33168-presentation-leaders-131-avril-2022\">Cliquez ici pour lire l&rsquo;article depuis sa source.<\/a><\/p>\n","protected":false},"excerpt":{"rendered":"<p>Alors que la guerre russo-ukrainienne s&rsquo;installe dans la dur\u00e9e, le Num\u00e9ro 131 \u00ab\u00a0de Leaders\u00a0\u00bb vous fournit les cl\u00e9s de la crise ukrainienne\u00a0 : \u00ab\u00a0La Tunisie et l&rsquo;Ukraine\u00a0\u00bb, les t\u00e9moignages d&rsquo;Ukrainiens r\u00e9sidents en Tunisie\u00a0\u00bb, \u00ab\u00a0La guerre en Ukraine et son impact sur la r\u00e9gion Moyen-Orient et en Afrique du Nord\u00a0\u00bbGuerre en Ukraine :\u00a0\u00bbA quand la fin [&hellip;]<\/p>\n","protected":false},"author":1772,"featured_media":0,"comment_status":"closed","ping_status":"closed","sticky":false,"template":"","format":"standard","meta":{"fifu_image_url":"http:\/\/www.leaders.com.tn\/uploads\/content\/thumbnails_small\/1648982716_article.jpg","fifu_image_alt":"Pr\u00e9sentation Leaders 131 - Avril 2022 : les cl\u00e9s du conflit russo-ukrainien","footnotes":""},"categories":[73,55],"tags":[],"class_list":["post-144629","post","type-post","status-publish","format-standard","hentry","category-actualite","category-tunisie"],"_links":{"self":[{"href":"https:\/\/linitiative.ca\/International\/wp-json\/wp\/v2\/posts\/144629","targetHints":{"allow":["GET"]}}],"collection":[{"href":"https:\/\/linitiative.ca\/International\/wp-json\/wp\/v2\/posts"}],"about":[{"href":"https:\/\/linitiative.ca\/International\/wp-json\/wp\/v2\/types\/post"}],"author":[{"embeddable":true,"href":"https:\/\/linitiative.ca\/International\/wp-json\/wp\/v2\/users\/1772"}],"replies":[{"embeddable":true,"href":"https:\/\/linitiative.ca\/International\/wp-json\/wp\/v2\/comments?post=144629"}],"version-history":[{"count":0,"href":"https:\/\/linitiative.ca\/International\/wp-json\/wp\/v2\/posts\/144629\/revisions"}],"wp:attachment":[{"href":"https:\/\/linitiative.ca\/International\/wp-json\/wp\/v2\/media?parent=144629"}],"wp:term":[{"taxonomy":"category","embeddable":true,"href":"https:\/\/linitiative.ca\/International\/wp-json\/wp\/v2\/categories?post=144629"},{"taxonomy":"post_tag","embeddable":true,"href":"https:\/\/linitiative.ca\/International\/wp-json\/wp\/v2\/tags?post=144629"}],"curies":[{"name":"wp","href":"https:\/\/api.w.org\/{rel}","templated":true}]}}