{"id":144635,"date":"2022-04-03T07:23:26","date_gmt":"2022-04-03T11:23:26","guid":{"rendered":"https:\/\/linitiative.ca\/International\/cest-parti-pour-loperation-de-renouvellement-du-parc-du-transport-routier-au-titre-de-lannee-2022\/"},"modified":"2022-04-03T07:23:26","modified_gmt":"2022-04-03T11:23:26","slug":"cest-parti-pour-loperation-de-renouvellement-du-parc-du-transport-routier-au-titre-de-lannee-2022","status":"publish","type":"post","link":"https:\/\/linitiative.ca\/International\/cest-parti-pour-loperation-de-renouvellement-du-parc-du-transport-routier-au-titre-de-lannee-2022\/","title":{"rendered":"C\u2019est parti pour l\u2019op\u00e9ration de renouvellement du parc du transport routier au titre de l\u2019ann\u00e9e 2022"},"content":{"rendered":"<div><img decoding=\"async\" width=\"950\" height=\"475\" src=\"https:\/\/linitiative.ca\/International\/wp-content\/uploads\/sites\/23\/2022\/04\/NARSA.jpg\" class=\"attachment-post-thumbnail size-post-thumbnail wp-post-image\" alt=\"\" loading=\"lazy\" srcset=\"https:\/\/linitiative.ca\/International\/wp-content\/uploads\/sites\/23\/2022\/04\/NARSA.jpg 950w, https:\/\/www.challenge.ma\/wp-content\/uploads\/2022\/04\/NARSA-300x150.jpg 300w, https:\/\/www.challenge.ma\/wp-content\/uploads\/2022\/04\/NARSA-768x384.jpg 768w, https:\/\/www.challenge.ma\/wp-content\/uploads\/2022\/04\/NARSA-360x180.jpg 360w, https:\/\/www.challenge.ma\/wp-content\/uploads\/2022\/04\/NARSA-750x375.jpg 750w\" sizes=\"auto, (max-width: 950px) 100vw, 950px\" itemprop=\"image\">L\u2019op\u00e9ration de r\u00e9ception des demandes de renouvellement et de prime \u00e0 la casse des v\u00e9hicules du transport routier, a d\u00e9marr\u00e9, \u00e0 compter du 1er avril 2022, selon l\u2019Agence Nationale de la S\u00e9curit\u00e9 Routi\u00e8re (NARSA). Le minist\u00e8re du Transport et de la logistique a annonc\u00e9 le lancement de l\u2019op\u00e9ration de renouvellement<\/div>\n<p>Auteur: Adama Sylla<br \/>\n<a href=\"https:\/\/www.challenge.ma\/cest-parti-pour-loperation-de-renouvellement-du-parc-du-transport-routier-au-titre-de-lannee-2022-236030\/\">Cliquez ici pour lire l&rsquo;article depuis sa source.<\/a><\/p>\n","protected":false},"excerpt":{"rendered":"<p>L\u2019op\u00e9ration de r\u00e9ception des demandes de renouvellement et de prime \u00e0 la casse des v\u00e9hicules du transport routier, a d\u00e9marr\u00e9, \u00e0 compter du 1er avril 2022, selon l\u2019Agence Nationale de la S\u00e9curit\u00e9 Routi\u00e8re (NARSA). Le minist\u00e8re du Transport et de la logistique a annonc\u00e9 le lancement de l\u2019op\u00e9ration de renouvellement Auteur: Adama Sylla Cliquez ici [&hellip;]<\/p>\n","protected":false},"author":1787,"featured_media":0,"comment_status":"closed","ping_status":"closed","sticky":false,"template":"","format":"standard","meta":{"fifu_image_url":"https:\/\/www.challenge.ma\/wp-content\/uploads\/2022\/04\/NARSA.jpg","fifu_image_alt":"C\u2019est parti pour l\u2019op\u00e9ration de renouvellement du parc du transport routier au titre de l\u2019ann\u00e9e 2022","footnotes":""},"categories":[78,54],"tags":[],"class_list":["post-144635","post","type-post","status-publish","format-standard","hentry","category-economie","category-maroc"],"_links":{"self":[{"href":"https:\/\/linitiative.ca\/International\/wp-json\/wp\/v2\/posts\/144635","targetHints":{"allow":["GET"]}}],"collection":[{"href":"https:\/\/linitiative.ca\/International\/wp-json\/wp\/v2\/posts"}],"about":[{"href":"https:\/\/linitiative.ca\/International\/wp-json\/wp\/v2\/types\/post"}],"author":[{"embeddable":true,"href":"https:\/\/linitiative.ca\/International\/wp-json\/wp\/v2\/users\/1787"}],"replies":[{"embeddable":true,"href":"https:\/\/linitiative.ca\/International\/wp-json\/wp\/v2\/comments?post=144635"}],"version-history":[{"count":0,"href":"https:\/\/linitiative.ca\/International\/wp-json\/wp\/v2\/posts\/144635\/revisions"}],"wp:attachment":[{"href":"https:\/\/linitiative.ca\/International\/wp-json\/wp\/v2\/media?parent=144635"}],"wp:term":[{"taxonomy":"category","embeddable":true,"href":"https:\/\/linitiative.ca\/International\/wp-json\/wp\/v2\/categories?post=144635"},{"taxonomy":"post_tag","embeddable":true,"href":"https:\/\/linitiative.ca\/International\/wp-json\/wp\/v2\/tags?post=144635"}],"curies":[{"name":"wp","href":"https:\/\/api.w.org\/{rel}","templated":true}]}}