{"id":144652,"date":"2022-04-03T15:52:55","date_gmt":"2022-04-03T19:52:55","guid":{"rendered":"https:\/\/linitiative.ca\/International\/lutte-contre-le-terrorisme-au-burkina-faso-la-therapie-de-damiba-sera-t-elle-la-bonne\/"},"modified":"2022-04-03T15:52:55","modified_gmt":"2022-04-03T19:52:55","slug":"lutte-contre-le-terrorisme-au-burkina-faso-la-therapie-de-damiba-sera-t-elle-la-bonne","status":"publish","type":"post","link":"https:\/\/linitiative.ca\/International\/lutte-contre-le-terrorisme-au-burkina-faso-la-therapie-de-damiba-sera-t-elle-la-bonne\/","title":{"rendered":"LUTTE CONTRE LE TERRORISME AU BURKINA FASO : La th\u00e9rapie de Damiba sera-t-elle la bonne\u00a0?"},"content":{"rendered":"<div>\n<p><img loading=\"lazy\" decoding=\"async\" width=\"453\" height=\"301\" src=\"https:\/\/linitiative.ca\/International\/wp-content\/uploads\/sites\/23\/2022\/04\/TERRORISME.png\" class=\"attachment- size- wp-post-image\" alt=\"\" style=\"float:left; margin:0 15px 15px 0;\" srcset=\"https:\/\/linitiative.ca\/International\/wp-content\/uploads\/sites\/23\/2022\/04\/TERRORISME.png 453w, https:\/\/lepays.bf\/wp-content\/uploads\/2022\/04\/TERRORISME-300x199.png 300w, https:\/\/lepays.bf\/wp-content\/uploads\/2022\/04\/TERRORISME-150x100.png 150w, https:\/\/lepays.bf\/wp-content\/uploads\/2022\/04\/TERRORISME-128x86.png 128w\" sizes=\"auto, (max-width: 453px) 100vw, 453px\">Depuis le 1er avril dernier, on en sait un peu plus sur la strat\u00e9gie que le lieutenant-colonel Paul Henri Sandaogo Damiba et son r\u00e9gime sont en train de mettre en place pour endiguer la vague de terrorisme qui d\u00e9ferle sur le Burkina Faso depuis six [\u2026]<\/p>\n<p>L\u2019article <a rel=\"nofollow\" href=\"https:\/\/lepays.bf\/lutte-contre-le-terrorisme-au-burkina-faso-la-therapie-de-damiba-sera-t-elle-la-bonne\/\">LUTTE CONTRE LE TERRORISME AU BURKINA FASO : La th\u00e9rapie de Damiba sera-t-elle la bonne\u00a0?<\/a> est apparu en premier sur <a rel=\"nofollow\" href=\"https:\/\/lepays.bf\/\">Editions Le Pays<\/a>.<\/p>\n<\/div>\n<p>Auteur: Editions LEPAYS<br \/>\n<a href=\"https:\/\/lepays.bf\/lutte-contre-le-terrorisme-au-burkina-faso-la-therapie-de-damiba-sera-t-elle-la-bonne\/\">Cliquez ici pour lire l&rsquo;article depuis sa source.<\/a><\/p>\n","protected":false},"excerpt":{"rendered":"<p>Depuis le 1er avril dernier, on en sait un peu plus sur la strat\u00e9gie que le lieutenant-colonel Paul Henri Sandaogo Damiba et son r\u00e9gime sont en train de mettre en place pour endiguer la vague de terrorisme qui d\u00e9ferle sur le Burkina Faso depuis six [\u2026] L\u2019article LUTTE CONTRE LE TERRORISME AU BURKINA FASO : [&hellip;]<\/p>\n","protected":false},"author":1813,"featured_media":0,"comment_status":"closed","ping_status":"closed","sticky":false,"template":"","format":"standard","meta":{"fifu_image_url":"https:\/\/lepays.bf\/wp-content\/uploads\/2022\/04\/TERRORISME.png","fifu_image_alt":"LUTTE CONTRE LE TERRORISME AU BURKINA FASO : La th\u00e9rapie de Damiba sera-t-elle la bonne\u00a0?","footnotes":""},"categories":[73,81],"tags":[],"class_list":["post-144652","post","type-post","status-publish","format-standard","hentry","category-actualite","category-burkina-faso"],"_links":{"self":[{"href":"https:\/\/linitiative.ca\/International\/wp-json\/wp\/v2\/posts\/144652","targetHints":{"allow":["GET"]}}],"collection":[{"href":"https:\/\/linitiative.ca\/International\/wp-json\/wp\/v2\/posts"}],"about":[{"href":"https:\/\/linitiative.ca\/International\/wp-json\/wp\/v2\/types\/post"}],"author":[{"embeddable":true,"href":"https:\/\/linitiative.ca\/International\/wp-json\/wp\/v2\/users\/1813"}],"replies":[{"embeddable":true,"href":"https:\/\/linitiative.ca\/International\/wp-json\/wp\/v2\/comments?post=144652"}],"version-history":[{"count":0,"href":"https:\/\/linitiative.ca\/International\/wp-json\/wp\/v2\/posts\/144652\/revisions"}],"wp:attachment":[{"href":"https:\/\/linitiative.ca\/International\/wp-json\/wp\/v2\/media?parent=144652"}],"wp:term":[{"taxonomy":"category","embeddable":true,"href":"https:\/\/linitiative.ca\/International\/wp-json\/wp\/v2\/categories?post=144652"},{"taxonomy":"post_tag","embeddable":true,"href":"https:\/\/linitiative.ca\/International\/wp-json\/wp\/v2\/tags?post=144652"}],"curies":[{"name":"wp","href":"https:\/\/api.w.org\/{rel}","templated":true}]}}